{"id":3145,"date":"2017-05-02T11:56:20","date_gmt":"2017-05-02T10:56:20","guid":{"rendered":"https:\/\/firagran.com\/?p=3145\/"},"modified":"2017-05-23T16:57:20","modified_gmt":"2017-05-23T15:57:20","slug":"manresa-hace-un-llamamiento-para-detectar-vecinos-que-se-encuentren-en-situacion-de-vulnerabilidad","status":"publish","type":"post","link":"https:\/\/firagran.com\/es\/manresa-hace-un-llamamiento-para-detectar-vecinos-que-se-encuentren-en-situacion-de-vulnerabilidad\/","title":{"rendered":"Manresa hace un llamamiento para detectar vecinos que se encuentren en situaci\u00f3n de vulnerabilidad"},"content":{"rendered":"<p><strong>Fuente: social.cat<\/strong><\/p>\n<p>El Ayuntamiento de Manresa pone en marcha la campa\u00f1a <em>\u2018Tienes vecinos al lado? Apoya a tus vecinos!\u2019<\/em>. Con esta iniciativa Manresa quiere ser una ciudad \u201cm\u00e1s solidaria\u201d y llegar a la poblaci\u00f3n que lo necesita y que no se puede detectar sin la colaboraci\u00f3n de los vecinos y las vecinas de la ciudad. Este dispositivo va dirigido a personas mayores sin red familiar o en situaci\u00f3n de soledad y dispone de un amplio abanico de servicios y proyectos como por ejemplo: servicio de ayuda a domicilio, servicio de comidas a domicilio, servicio de teleasistencia, proyectos de apoyo, acompa\u00f1amiento, etc. Para ponerte en contacto con el Ayuntamiento de Manresa lo puedes hacer a trav\u00e9s del tel\u00e9fono 010 o escribiendo a: serveissocials@ajmanresa.cat<\/p>\n<p><strong>Leer m\u00e1s:<\/strong>\u00a0<a href=\"http:\/\/www.social.cat\/noticia\/6438\/manresa-fa-una-crida-per-detectar-veins-que-es-trobin-en-situacio-de-vulnerabilitat\" target=\"_blank\" rel=\"noopener noreferrer\">http:\/\/www.social.cat\/noticia\/6438\/manresa-fa-una-crida-per-detectar-veins-que-es-trobin-en-situacio-de-vulnerabilitat<\/a><\/p>\n","protected":false},"excerpt":{"rendered":"<p>Fuente: social.cat El Ayuntamiento de Manresa pone en marcha la campa\u00f1a \u2018Tienes vecinos al lado? Apoya a tus vecinos!\u2019. Con esta iniciativa Manresa quiere ser una ciudad \u201cm\u00e1s solidaria\u201d y llegar a la poblaci\u00f3n que <a href=\"https:\/\/firagran.com\/es\/manresa-hace-un-llamamiento-para-detectar-vecinos-que-se-encuentren-en-situacion-de-vulnerabilidad\/\"> [&#8230;]<\/a><\/p>\n","protected":false},"author":1,"featured_media":3143,"comment_status":"closed","ping_status":"closed","sticky":false,"template":"","format":"standard","meta":{"footnotes":""},"categories":[71,73],"tags":[],"class_list":["post-3145","post","type-post","status-publish","format-standard","has-post-thumbnail","hentry","category-dependencia-es","category-servicios-y-ayudas-publicas"],"_links":{"self":[{"href":"https:\/\/firagran.com\/es\/wp-json\/wp\/v2\/posts\/3145","targetHints":{"allow":["GET"]}}],"collection":[{"href":"https:\/\/firagran.com\/es\/wp-json\/wp\/v2\/posts"}],"about":[{"href":"https:\/\/firagran.com\/es\/wp-json\/wp\/v2\/types\/post"}],"author":[{"embeddable":true,"href":"https:\/\/firagran.com\/es\/wp-json\/wp\/v2\/users\/1"}],"replies":[{"embeddable":true,"href":"https:\/\/firagran.com\/es\/wp-json\/wp\/v2\/comments?post=3145"}],"version-history":[{"count":3,"href":"https:\/\/firagran.com\/es\/wp-json\/wp\/v2\/posts\/3145\/revisions"}],"predecessor-version":[{"id":3150,"href":"https:\/\/firagran.com\/es\/wp-json\/wp\/v2\/posts\/3145\/revisions\/3150"}],"wp:featuredmedia":[{"embeddable":true,"href":"https:\/\/firagran.com\/es\/wp-json\/wp\/v2\/media\/3143"}],"wp:attachment":[{"href":"https:\/\/firagran.com\/es\/wp-json\/wp\/v2\/media?parent=3145"}],"wp:term":[{"taxonomy":"category","embeddable":true,"href":"https:\/\/firagran.com\/es\/wp-json\/wp\/v2\/categories?post=3145"},{"taxonomy":"post_tag","embeddable":true,"href":"https:\/\/firagran.com\/es\/wp-json\/wp\/v2\/tags?post=3145"}],"curies":[{"name":"wp","href":"https:\/\/api.w.org\/{rel}","templated":true}]}}