{"id":3252,"date":"2017-05-12T13:06:26","date_gmt":"2017-05-12T12:06:26","guid":{"rendered":"https:\/\/firagran.com\/?p=3252\/"},"modified":"2017-05-23T16:56:01","modified_gmt":"2017-05-23T15:56:01","slug":"programa-de-turisme-de-limserso-com-sollicitar-la-inscripcio","status":"publish","type":"post","link":"https:\/\/firagran.com\/es\/programa-de-turisme-de-limserso-com-sollicitar-la-inscripcio\/","title":{"rendered":"Programa de turismo del Imserso: c\u00f3mo solicitar la inscripci\u00f3n"},"content":{"rendered":"<p><strong>Fuente: ABC<\/strong><\/p>\n<p>El pasado martes se abri\u00f3 el plazo para la primera fase de presentaci\u00f3n de solicitudes para participar en el Programa de Turismo del Imserso de cara a la temporada 2017-2018, que permanecer\u00e1 abierto hasta el pr\u00f3ximo 8 de junio. No obstante, concluida esta primera fase el plazo se mantendr\u00e1 abierto desde el 8 de junio, finalizando el lunes 26 de febrero de 2018, para aquellas personas que no hubieran formulado en su momento la solicitud para cubrir las posibles vacantes que pudieran producirse de los usuarios acreditados en plazo.<\/p>\n<p><strong>Leer m\u00e1s:\u00a0<\/strong><a href=\"http:\/\/bit.ly\/2q8YLn0\" target=\"_blank\" rel=\"noopener noreferrer\">http:\/\/bit.ly\/2q8YLn0<\/a><\/p>\n","protected":false},"excerpt":{"rendered":"<p>Fuente: ABC El pasado martes se abri\u00f3 el plazo para la primera fase de presentaci\u00f3n de solicitudes para participar en el Programa de Turismo del Imserso de cara a la temporada 2017-2018, que permanecer\u00e1 abierto <a href=\"https:\/\/firagran.com\/es\/programa-de-turisme-de-limserso-com-sollicitar-la-inscripcio\/\"> [&#8230;]<\/a><\/p>\n","protected":false},"author":1,"featured_media":3253,"comment_status":"closed","ping_status":"closed","sticky":false,"template":"","format":"standard","meta":{"footnotes":""},"categories":[75,80],"tags":[],"class_list":["post-3252","post","type-post","status-publish","format-standard","has-post-thumbnail","hentry","category-envejecimiento-activo","category-turismo"],"_links":{"self":[{"href":"https:\/\/firagran.com\/es\/wp-json\/wp\/v2\/posts\/3252","targetHints":{"allow":["GET"]}}],"collection":[{"href":"https:\/\/firagran.com\/es\/wp-json\/wp\/v2\/posts"}],"about":[{"href":"https:\/\/firagran.com\/es\/wp-json\/wp\/v2\/types\/post"}],"author":[{"embeddable":true,"href":"https:\/\/firagran.com\/es\/wp-json\/wp\/v2\/users\/1"}],"replies":[{"embeddable":true,"href":"https:\/\/firagran.com\/es\/wp-json\/wp\/v2\/comments?post=3252"}],"version-history":[{"count":3,"href":"https:\/\/firagran.com\/es\/wp-json\/wp\/v2\/posts\/3252\/revisions"}],"predecessor-version":[{"id":3260,"href":"https:\/\/firagran.com\/es\/wp-json\/wp\/v2\/posts\/3252\/revisions\/3260"}],"wp:featuredmedia":[{"embeddable":true,"href":"https:\/\/firagran.com\/es\/wp-json\/wp\/v2\/media\/3253"}],"wp:attachment":[{"href":"https:\/\/firagran.com\/es\/wp-json\/wp\/v2\/media?parent=3252"}],"wp:term":[{"taxonomy":"category","embeddable":true,"href":"https:\/\/firagran.com\/es\/wp-json\/wp\/v2\/categories?post=3252"},{"taxonomy":"post_tag","embeddable":true,"href":"https:\/\/firagran.com\/es\/wp-json\/wp\/v2\/tags?post=3252"}],"curies":[{"name":"wp","href":"https:\/\/api.w.org\/{rel}","templated":true}]}}