{"id":3341,"date":"2017-05-19T12:57:34","date_gmt":"2017-05-19T11:57:34","guid":{"rendered":"https:\/\/firagran.com\/?p=3341\/"},"modified":"2017-05-23T16:54:01","modified_gmt":"2017-05-23T15:54:01","slug":"el-uso-de-internet-y-de-las-redes-sociales-por-parte-de-los-mayores-ya-no-es-una-anecdota","status":"publish","type":"post","link":"https:\/\/firagran.com\/es\/el-uso-de-internet-y-de-las-redes-sociales-por-parte-de-los-mayores-ya-no-es-una-anecdota\/","title":{"rendered":"El uso de Internet y de las redes sociales por parte de los mayores ya no es una an\u00e9cdota"},"content":{"rendered":"<p><strong>Fuente: Entre Mayores<\/strong><\/p>\n<p>Seg\u00fan el Instituto Nacional de Estad\u00edstica (INE), en 2014, las personas mayores de 60 a\u00f1os representaban un 25% de la poblaci\u00f3n espa\u00f1ola y son, adem\u00e1s, el segmento que m\u00e1s crec\u00eda debido al aumento de la esperanza de vida y a la disminuci\u00f3n de la natalidad. Este mismo crecimiento se est\u00e1 observando en las redes: seg\u00fan los datos de Eurostat, en los \u00faltimos seis a\u00f1os el crecimiento del uso de Internet por parte de los mayores ha sido del 96%, en Espa\u00f1a, por ejemplo, se ha pasado de un uso del 12% de los mayores de 55 a\u00f1os, en 2005, a un 56%, en 2016.<\/p>\n<p><strong>Leer m\u00e1s:<\/strong>\u00a0<a href=\"http:\/\/ow.ly\/YLJ330bRFUn\" target=\"_blank\" rel=\"noopener noreferrer\">http:\/\/ow.ly\/YLJ330bRFUn<\/a><\/p>\n","protected":false},"excerpt":{"rendered":"<p>Fuente: Entre Mayores Seg\u00fan el Instituto Nacional de Estad\u00edstica (INE), en 2014, las personas mayores de 60 a\u00f1os representaban un 25% de la poblaci\u00f3n espa\u00f1ola y son, adem\u00e1s, el segmento que m\u00e1s crec\u00eda debido al <a href=\"https:\/\/firagran.com\/es\/el-uso-de-internet-y-de-las-redes-sociales-por-parte-de-los-mayores-ya-no-es-una-anecdota\/\"> [&#8230;]<\/a><\/p>\n","protected":false},"author":1,"featured_media":3338,"comment_status":"closed","ping_status":"closed","sticky":false,"template":"","format":"standard","meta":{"footnotes":""},"categories":[75,79],"tags":[],"class_list":["post-3341","post","type-post","status-publish","format-standard","has-post-thumbnail","hentry","category-envejecimiento-activo","category-nuevas-tecnologias"],"_links":{"self":[{"href":"https:\/\/firagran.com\/es\/wp-json\/wp\/v2\/posts\/3341","targetHints":{"allow":["GET"]}}],"collection":[{"href":"https:\/\/firagran.com\/es\/wp-json\/wp\/v2\/posts"}],"about":[{"href":"https:\/\/firagran.com\/es\/wp-json\/wp\/v2\/types\/post"}],"author":[{"embeddable":true,"href":"https:\/\/firagran.com\/es\/wp-json\/wp\/v2\/users\/1"}],"replies":[{"embeddable":true,"href":"https:\/\/firagran.com\/es\/wp-json\/wp\/v2\/comments?post=3341"}],"version-history":[{"count":1,"href":"https:\/\/firagran.com\/es\/wp-json\/wp\/v2\/posts\/3341\/revisions"}],"predecessor-version":[{"id":3342,"href":"https:\/\/firagran.com\/es\/wp-json\/wp\/v2\/posts\/3341\/revisions\/3342"}],"wp:featuredmedia":[{"embeddable":true,"href":"https:\/\/firagran.com\/es\/wp-json\/wp\/v2\/media\/3338"}],"wp:attachment":[{"href":"https:\/\/firagran.com\/es\/wp-json\/wp\/v2\/media?parent=3341"}],"wp:term":[{"taxonomy":"category","embeddable":true,"href":"https:\/\/firagran.com\/es\/wp-json\/wp\/v2\/categories?post=3341"},{"taxonomy":"post_tag","embeddable":true,"href":"https:\/\/firagran.com\/es\/wp-json\/wp\/v2\/tags?post=3341"}],"curies":[{"name":"wp","href":"https:\/\/api.w.org\/{rel}","templated":true}]}}