{"id":3484,"date":"2017-06-06T16:33:01","date_gmt":"2017-06-06T15:33:01","guid":{"rendered":"https:\/\/firagran.com\/?p=3484\/"},"modified":"2017-06-06T16:33:01","modified_gmt":"2017-06-06T15:33:01","slug":"la-disfagia-una-enfermedad-poco-conocida-y-en-ascenso","status":"publish","type":"post","link":"https:\/\/firagran.com\/es\/la-disfagia-una-enfermedad-poco-conocida-y-en-ascenso\/","title":{"rendered":"La disfagia, una enfermedad poco conocida y en ascenso"},"content":{"rendered":"<p><strong>Fuente: La Vanguardia<\/strong><\/p>\n<p>Los expertos apuntan que es una patolog\u00eda \u201cmuy poco conocida\u201d y que, quien la padece, sufre un empeoramiento considerable de la calidad de vida. La disfagia consiste en la dificultad para tragar adecuadamente y, aunque se puede manifestar a cualquier edad, es prevalente en edades avanzadas.\u00a0Los estudios m\u00e1s recientes destacan que una de cada cuatro personas mayores de 70 a\u00f1os, el 45% de los enfermos de ictus, y el 60% de los residentes geri\u00e1tricos sufren un grado u otro de disfagia. Otra poblaci\u00f3n de riesgo son los enfermos con patolog\u00edas neurodegenerativas, como el Alzheimer o el Parkinson. Los expertos apuntan que la disfagia es una enfermedad que est\u00e1 en ascenso a causa del progresivo envejecimiento demogr\u00e1fico.<\/p>\n<p><strong>Leer m\u00e1s:<\/strong>\u00a0<a href=\"http:\/\/ow.ly\/IL9b30cmA3T\" target=\"_blank\" rel=\"noopener noreferrer\">http:\/\/ow.ly\/IL9b30cmA3T<\/a><\/p>\n","protected":false},"excerpt":{"rendered":"<p>Fuente: La Vanguardia Los expertos apuntan que es una patolog\u00eda \u201cmuy poco conocida\u201d y que, quien la padece, sufre un empeoramiento considerable de la calidad de vida. La disfagia consiste en la dificultad para tragar <a href=\"https:\/\/firagran.com\/es\/la-disfagia-una-enfermedad-poco-conocida-y-en-ascenso\/\"> [&#8230;]<\/a><\/p>\n","protected":false},"author":1,"featured_media":3481,"comment_status":"closed","ping_status":"closed","sticky":false,"template":"","format":"standard","meta":{"footnotes":""},"categories":[82,81],"tags":[],"class_list":["post-3484","post","type-post","status-publish","format-standard","has-post-thumbnail","hentry","category-cuidar-la-salud","category-habitos-saludables"],"_links":{"self":[{"href":"https:\/\/firagran.com\/es\/wp-json\/wp\/v2\/posts\/3484","targetHints":{"allow":["GET"]}}],"collection":[{"href":"https:\/\/firagran.com\/es\/wp-json\/wp\/v2\/posts"}],"about":[{"href":"https:\/\/firagran.com\/es\/wp-json\/wp\/v2\/types\/post"}],"author":[{"embeddable":true,"href":"https:\/\/firagran.com\/es\/wp-json\/wp\/v2\/users\/1"}],"replies":[{"embeddable":true,"href":"https:\/\/firagran.com\/es\/wp-json\/wp\/v2\/comments?post=3484"}],"version-history":[{"count":1,"href":"https:\/\/firagran.com\/es\/wp-json\/wp\/v2\/posts\/3484\/revisions"}],"predecessor-version":[{"id":3485,"href":"https:\/\/firagran.com\/es\/wp-json\/wp\/v2\/posts\/3484\/revisions\/3485"}],"wp:featuredmedia":[{"embeddable":true,"href":"https:\/\/firagran.com\/es\/wp-json\/wp\/v2\/media\/3481"}],"wp:attachment":[{"href":"https:\/\/firagran.com\/es\/wp-json\/wp\/v2\/media?parent=3484"}],"wp:term":[{"taxonomy":"category","embeddable":true,"href":"https:\/\/firagran.com\/es\/wp-json\/wp\/v2\/categories?post=3484"},{"taxonomy":"post_tag","embeddable":true,"href":"https:\/\/firagran.com\/es\/wp-json\/wp\/v2\/tags?post=3484"}],"curies":[{"name":"wp","href":"https:\/\/api.w.org\/{rel}","templated":true}]}}