{"id":3511,"date":"2017-06-09T15:14:40","date_gmt":"2017-06-09T14:14:40","guid":{"rendered":"https:\/\/firagran.com\/?p=3511\/"},"modified":"2017-06-09T15:15:30","modified_gmt":"2017-06-09T14:15:30","slug":"el-75-de-las-personas-mayores-no-deja-por-escrito-como-quiere-ser-tratada-cuando-no-se-pueda-expresar","status":"publish","type":"post","link":"https:\/\/firagran.com\/es\/el-75-de-las-personas-mayores-no-deja-por-escrito-como-quiere-ser-tratada-cuando-no-se-pueda-expresar\/","title":{"rendered":"El 75% de las personas mayores no deja por escrito c\u00f3mo quiere ser tratada cuando no se pueda expresar"},"content":{"rendered":"<p><strong>Fuente: social.cat<\/strong><\/p>\n<p>El 75% de los mayores de 65 a\u00f1os en Catalu\u00f1a no ha dejado por escrito el llamado testamento vital, es decir, el documento con las instrucciones que tiene que tener en cuenta el profesional de salud cuando la persona no se pueda expresar sobre el tratamiento m\u00e9dico que quiere recibir o c\u00f3mo quiere ser tratada. Es uno de los resultados del estudio \u2018La planificaci\u00f3n de las persona mayores sobre el final de la vida\u2019, presentado en el marco de <a href=\"https:\/\/firagran.com\/\" target=\"_blank\" rel=\"noopener noreferrer\"><strong>FiraGran<\/strong><\/a>. En cambio, ocho de cada diez personas mayores de 65 a\u00f1os s\u00ed que han formalizado su testamento, porque es un documento m\u00e1s conocido. A\u00fan as\u00ed, la autora del estudio, S\u00f2nia D\u00edaz, ha resaltado que \u201cla muerte todav\u00eda es un tab\u00fa; cuesta hablar de ella y por eso cuesta prever y planificar determinados documentos\u201c.<\/p>\n<p><strong>Leer m\u00e1s:\u00a0<\/strong><a href=\"https:\/\/goo.gl\/VWyhYl\" target=\"_blank\" rel=\"noopener noreferrer\">https:\/\/goo.gl\/VWyhYl<\/a><\/p>\n","protected":false},"excerpt":{"rendered":"<p>Fuente: social.cat El 75% de los mayores de 65 a\u00f1os en Catalu\u00f1a no ha dejado por escrito el llamado testamento vital, es decir, el documento con las instrucciones que tiene que tener en cuenta el <a href=\"https:\/\/firagran.com\/es\/el-75-de-las-personas-mayores-no-deja-por-escrito-como-quiere-ser-tratada-cuando-no-se-pueda-expresar\/\"> [&#8230;]<\/a><\/p>\n","protected":false},"author":1,"featured_media":3507,"comment_status":"closed","ping_status":"closed","sticky":false,"template":"","format":"standard","meta":{"footnotes":""},"categories":[87],"tags":[],"class_list":["post-3511","post","type-post","status-publish","format-standard","has-post-thumbnail","hentry","category-el-final-de-la-vida-es"],"_links":{"self":[{"href":"https:\/\/firagran.com\/es\/wp-json\/wp\/v2\/posts\/3511","targetHints":{"allow":["GET"]}}],"collection":[{"href":"https:\/\/firagran.com\/es\/wp-json\/wp\/v2\/posts"}],"about":[{"href":"https:\/\/firagran.com\/es\/wp-json\/wp\/v2\/types\/post"}],"author":[{"embeddable":true,"href":"https:\/\/firagran.com\/es\/wp-json\/wp\/v2\/users\/1"}],"replies":[{"embeddable":true,"href":"https:\/\/firagran.com\/es\/wp-json\/wp\/v2\/comments?post=3511"}],"version-history":[{"count":2,"href":"https:\/\/firagran.com\/es\/wp-json\/wp\/v2\/posts\/3511\/revisions"}],"predecessor-version":[{"id":3513,"href":"https:\/\/firagran.com\/es\/wp-json\/wp\/v2\/posts\/3511\/revisions\/3513"}],"wp:featuredmedia":[{"embeddable":true,"href":"https:\/\/firagran.com\/es\/wp-json\/wp\/v2\/media\/3507"}],"wp:attachment":[{"href":"https:\/\/firagran.com\/es\/wp-json\/wp\/v2\/media?parent=3511"}],"wp:term":[{"taxonomy":"category","embeddable":true,"href":"https:\/\/firagran.com\/es\/wp-json\/wp\/v2\/categories?post=3511"},{"taxonomy":"post_tag","embeddable":true,"href":"https:\/\/firagran.com\/es\/wp-json\/wp\/v2\/tags?post=3511"}],"curies":[{"name":"wp","href":"https:\/\/api.w.org\/{rel}","templated":true}]}}