{"id":4470,"date":"2018-01-10T08:53:14","date_gmt":"2018-01-10T07:53:14","guid":{"rendered":"https:\/\/firagran.com\/?p=4470"},"modified":"2018-01-05T12:08:00","modified_gmt":"2018-01-05T11:08:00","slug":"las-jornadas-interdisciplinares-catalanas-de-residencias-para-personas-mayores-llegan-a-la-12ava-edicion","status":"publish","type":"post","link":"https:\/\/firagran.com\/es\/las-jornadas-interdisciplinares-catalanas-de-residencias-para-personas-mayores-llegan-a-la-12ava-edicion\/","title":{"rendered":"Las Jornadas Interdisciplinares Catalanas de Residencias para personas mayores llegan a la 12ava edici\u00f3n"},"content":{"rendered":"<p>Los profesionales de las residencias geri\u00e1tricas est\u00e1n llamados a participar en los encuentros, de las que el COIB forma parte de la organizaci\u00f3n, que tendr\u00e1n lugar el 16 y 17 de marzo en el Espacio Pujades 350.<br \/>\nLas enfermeras colegiadas podr\u00e1n disfrutan de un 25% de descuento en el precio de la inscripci\u00f3n, que se podr\u00e1 realizar a partir del 10 de enero. Se pueden presentar p\u00f3sters enviando los res\u00famenes hasta el 16 de febrero.<br \/>\nLas 12es Jornadas Interdisciplinares Catalanas de Residencias para personas mayores est\u00e1n organizadas por siete de los Colegios profesionales implicados en la atenci\u00f3n de este sector de la poblaci\u00f3n.<\/p>\n<p>Las inscripciones se podr\u00e1n realizar a partir del pr\u00f3ximo 10 de enero en el siguiente enlace.<\/p>\n<p><strong>Fuente: coib.cat<\/strong><\/p>\n<p><strong>Leer m\u00e1s: https:\/\/www.coib.cat\/ca-es\/actualitat-professional\/professio\/les-jornades-interdisciplinars-catalanes-de-residencies-de-gent-gran-arriben-la-12a-edicio.html?platform=hootsuite<\/strong><\/p>\n","protected":false},"excerpt":{"rendered":"<p>Los profesionales de las residencias geri\u00e1tricas est\u00e1n llamados a participar en los encuentros, de las que el COIB forma parte de la organizaci\u00f3n, que tendr\u00e1n lugar el 16 y 17 de marzo en el Espacio <a href=\"https:\/\/firagran.com\/es\/las-jornadas-interdisciplinares-catalanas-de-residencias-para-personas-mayores-llegan-a-la-12ava-edicion\/\"> [&#8230;]<\/a><\/p>\n","protected":false},"author":1,"featured_media":0,"comment_status":"closed","ping_status":"closed","sticky":false,"template":"","format":"standard","meta":{"footnotes":""},"categories":[78,28],"tags":[],"class_list":["post-4470","post","type-post","status-publish","format-standard","hentry","category-formacion","category-general-es"],"_links":{"self":[{"href":"https:\/\/firagran.com\/es\/wp-json\/wp\/v2\/posts\/4470","targetHints":{"allow":["GET"]}}],"collection":[{"href":"https:\/\/firagran.com\/es\/wp-json\/wp\/v2\/posts"}],"about":[{"href":"https:\/\/firagran.com\/es\/wp-json\/wp\/v2\/types\/post"}],"author":[{"embeddable":true,"href":"https:\/\/firagran.com\/es\/wp-json\/wp\/v2\/users\/1"}],"replies":[{"embeddable":true,"href":"https:\/\/firagran.com\/es\/wp-json\/wp\/v2\/comments?post=4470"}],"version-history":[{"count":1,"href":"https:\/\/firagran.com\/es\/wp-json\/wp\/v2\/posts\/4470\/revisions"}],"predecessor-version":[{"id":4471,"href":"https:\/\/firagran.com\/es\/wp-json\/wp\/v2\/posts\/4470\/revisions\/4471"}],"wp:attachment":[{"href":"https:\/\/firagran.com\/es\/wp-json\/wp\/v2\/media?parent=4470"}],"wp:term":[{"taxonomy":"category","embeddable":true,"href":"https:\/\/firagran.com\/es\/wp-json\/wp\/v2\/categories?post=4470"},{"taxonomy":"post_tag","embeddable":true,"href":"https:\/\/firagran.com\/es\/wp-json\/wp\/v2\/tags?post=4470"}],"curies":[{"name":"wp","href":"https:\/\/api.w.org\/{rel}","templated":true}]}}