{"id":4503,"date":"2018-01-17T08:24:35","date_gmt":"2018-01-17T07:24:35","guid":{"rendered":"https:\/\/firagran.com\/?p=4503"},"modified":"2018-01-15T11:26:00","modified_gmt":"2018-01-15T10:26:00","slug":"mutuam-y-fundacion-paliaclinic-firman-un-convenio-para-mejorar-la-atencion-en-el-final-de-la-vida","status":"publish","type":"post","link":"https:\/\/firagran.com\/es\/mutuam-y-fundacion-paliaclinic-firman-un-convenio-para-mejorar-la-atencion-en-el-final-de-la-vida\/","title":{"rendered":"Mutuam y Fundaci\u00f3n Paliacl\u00ednic firman un convenio para mejorar la atenci\u00f3n en el final de la vida"},"content":{"rendered":"<p>Grupo Mutuam ha firmado un convenio con la Fundaci\u00f3n Paliacl\u00ednic para que \u00e9sta ofrezca apoyo, en la etapa final de la vida, a las personas en situaci\u00f3n de vulnerabilidad socio-sanitaria ya sus familias. Esta atenci\u00f3n multidisciplinaria la proporcionar\u00e1 en el domicilio o en la misma unidad de hospitalizaci\u00f3n o centro residencial a propuesta de los equipos profesionales de los PADES , las Unidades de Cuidados Paliativos y los equipos EAR de apoyo residencial de Mutuam.<br \/>\nDe acuerdo con el convenio, la Fundaci\u00f3n Paliacl\u00ednic ofrecer\u00e1 servicios como la atenci\u00f3n a la persona con enfermedad avanzada en situaci\u00f3n de \u00faltimos d\u00edas, apoyo a la familia o, en su defecto, al cuidador principal, atenci\u00f3n y acompa\u00f1amiento emocional al paciente o la familia, terapias complementarias (arteterapia, musicoterapia) y ayudas t\u00e9cnicas a la dependencia f\u00edsica domiciliaria. Todo esto lo har\u00e1 siempre manteniendo los principios de Mutuam, como el respeto por la dignidad y los valores de la persona, as\u00ed como por su autonom\u00eda, la humanizaci\u00f3n de la asistencia, tanto a los pacientes como a sus familiares, o la calidad asistencial mediante el trabajo en equipo interdisciplinario, la formaci\u00f3n continuada y la supervisi\u00f3n.<br \/>\nFuente: mutuamblog.com<br \/>\nLeer m\u00e1s: https:\/\/translate.google.es\/translate?hl=es&amp;sl=ca&amp;u=http:\/\/www.mutuamblog.com\/som-mutuam\/mutuam-i-fundacio-paliaclinic-signen-un-conveni-per-millorar-latencio-en-el-final-de-la-vida\/&amp;prev=search<\/p>\n","protected":false},"excerpt":{"rendered":"<p>Grupo Mutuam ha firmado un convenio con la Fundaci\u00f3n Paliacl\u00ednic para que \u00e9sta ofrezca apoyo, en la etapa final de la vida, a las personas en situaci\u00f3n de vulnerabilidad socio-sanitaria ya sus familias. Esta atenci\u00f3n <a href=\"https:\/\/firagran.com\/es\/mutuam-y-fundacion-paliaclinic-firman-un-convenio-para-mejorar-la-atencion-en-el-final-de-la-vida\/\"> [&#8230;]<\/a><\/p>\n","protected":false},"author":1,"featured_media":4501,"comment_status":"closed","ping_status":"closed","sticky":false,"template":"","format":"standard","meta":{"footnotes":""},"categories":[87,86],"tags":[],"class_list":["post-4503","post","type-post","status-publish","format-standard","has-post-thumbnail","hentry","category-el-final-de-la-vida-es","category-servicios-funerarios"],"_links":{"self":[{"href":"https:\/\/firagran.com\/es\/wp-json\/wp\/v2\/posts\/4503","targetHints":{"allow":["GET"]}}],"collection":[{"href":"https:\/\/firagran.com\/es\/wp-json\/wp\/v2\/posts"}],"about":[{"href":"https:\/\/firagran.com\/es\/wp-json\/wp\/v2\/types\/post"}],"author":[{"embeddable":true,"href":"https:\/\/firagran.com\/es\/wp-json\/wp\/v2\/users\/1"}],"replies":[{"embeddable":true,"href":"https:\/\/firagran.com\/es\/wp-json\/wp\/v2\/comments?post=4503"}],"version-history":[{"count":1,"href":"https:\/\/firagran.com\/es\/wp-json\/wp\/v2\/posts\/4503\/revisions"}],"predecessor-version":[{"id":4504,"href":"https:\/\/firagran.com\/es\/wp-json\/wp\/v2\/posts\/4503\/revisions\/4504"}],"wp:featuredmedia":[{"embeddable":true,"href":"https:\/\/firagran.com\/es\/wp-json\/wp\/v2\/media\/4501"}],"wp:attachment":[{"href":"https:\/\/firagran.com\/es\/wp-json\/wp\/v2\/media?parent=4503"}],"wp:term":[{"taxonomy":"category","embeddable":true,"href":"https:\/\/firagran.com\/es\/wp-json\/wp\/v2\/categories?post=4503"},{"taxonomy":"post_tag","embeddable":true,"href":"https:\/\/firagran.com\/es\/wp-json\/wp\/v2\/tags?post=4503"}],"curies":[{"name":"wp","href":"https:\/\/api.w.org\/{rel}","templated":true}]}}