{"id":4598,"date":"2018-01-29T08:15:26","date_gmt":"2018-01-29T07:15:26","guid":{"rendered":"https:\/\/firagran.com\/?p=4598"},"modified":"2018-01-24T13:24:18","modified_gmt":"2018-01-24T12:24:18","slug":"como-adaptar-el-hogar-para-personas-de-la-tercera-edad","status":"publish","type":"post","link":"https:\/\/firagran.com\/es\/como-adaptar-el-hogar-para-personas-de-la-tercera-edad\/","title":{"rendered":"C\u00f3mo adaptar el hogar para personas de la tercera edad"},"content":{"rendered":"<p><strong>Al crear nuestro hogar es esencial tener en cuenta las necesidades de cada uno, para que todos tengan las mismas posibilidades y se sientan bien. <\/strong><\/p>\n<p>Las personas de la tercera edad necesitan hogares c\u00f3modos y seguros, en los que puedan realizar todas las actividades cotidianas sin problemas. Si vives con una persona mayor o quieres adaptar la casa de alg\u00fan familiar, debes fijarte en todos los detalles. Seguramente sea dif\u00edcil imaginarte todas las necesidades que puede tener, por eso la comunicaci\u00f3n es tan importante. Adem\u00e1s, hay expertos que te pueden aconsejarte para hacerlo de la mejor manera.<\/p>\n<p>Comodidad<\/p>\n<p>La comodidad es el punto m\u00e1s importante para personas de la tercera edad en su casa. Debes tener en cuenta que pasan la mayor parte del tiempo en ella, ya que en general salen menos que los m\u00e1s j\u00f3venes. Hacer todo accesible har\u00e1 que puedan sentirse a gusto y que se sientan \u00fatiles. Uno de los grandes problemas es que no puedan realizar las cosas ellos mismos. Eso hace que necesiten siempre a alguien y se sientan indefensos e in\u00fatiles, algo que debemos evitar.<\/p>\n<p>&nbsp;<\/p>\n<p><strong>\u00a0<\/strong><strong>Fuente:<\/strong> www.yaencontre.com<\/p>\n<p><strong>Leer m\u00e1s:<\/strong> https:\/\/www.yaencontre.com\/noticias\/vivienda\/adaptar-hogar-personas-tercera-edad\/<\/p>\n<p>&nbsp;<\/p>\n","protected":false},"excerpt":{"rendered":"<p>Al crear nuestro hogar es esencial tener en cuenta las necesidades de cada uno, para que todos tengan las mismas posibilidades y se sientan bien. Las personas de la tercera edad necesitan hogares c\u00f3modos y <a href=\"https:\/\/firagran.com\/es\/como-adaptar-el-hogar-para-personas-de-la-tercera-edad\/\"> [&#8230;]<\/a><\/p>\n","protected":false},"author":1,"featured_media":4596,"comment_status":"closed","ping_status":"closed","sticky":false,"template":"","format":"standard","meta":{"footnotes":""},"categories":[69],"tags":[],"class_list":["post-4598","post","type-post","status-publish","format-standard","has-post-thumbnail","hentry","category-consumo-y-seguridad"],"_links":{"self":[{"href":"https:\/\/firagran.com\/es\/wp-json\/wp\/v2\/posts\/4598","targetHints":{"allow":["GET"]}}],"collection":[{"href":"https:\/\/firagran.com\/es\/wp-json\/wp\/v2\/posts"}],"about":[{"href":"https:\/\/firagran.com\/es\/wp-json\/wp\/v2\/types\/post"}],"author":[{"embeddable":true,"href":"https:\/\/firagran.com\/es\/wp-json\/wp\/v2\/users\/1"}],"replies":[{"embeddable":true,"href":"https:\/\/firagran.com\/es\/wp-json\/wp\/v2\/comments?post=4598"}],"version-history":[{"count":1,"href":"https:\/\/firagran.com\/es\/wp-json\/wp\/v2\/posts\/4598\/revisions"}],"predecessor-version":[{"id":4599,"href":"https:\/\/firagran.com\/es\/wp-json\/wp\/v2\/posts\/4598\/revisions\/4599"}],"wp:featuredmedia":[{"embeddable":true,"href":"https:\/\/firagran.com\/es\/wp-json\/wp\/v2\/media\/4596"}],"wp:attachment":[{"href":"https:\/\/firagran.com\/es\/wp-json\/wp\/v2\/media?parent=4598"}],"wp:term":[{"taxonomy":"category","embeddable":true,"href":"https:\/\/firagran.com\/es\/wp-json\/wp\/v2\/categories?post=4598"},{"taxonomy":"post_tag","embeddable":true,"href":"https:\/\/firagran.com\/es\/wp-json\/wp\/v2\/tags?post=4598"}],"curies":[{"name":"wp","href":"https:\/\/api.w.org\/{rel}","templated":true}]}}