{"id":4663,"date":"2018-02-13T08:55:36","date_gmt":"2018-02-13T07:55:36","guid":{"rendered":"https:\/\/firagran.com\/?p=4663"},"modified":"2018-02-06T12:57:17","modified_gmt":"2018-02-06T11:57:17","slug":"suria-abre-unas-ayudas-para-la-rehabilitacion-de-viviendas-de-personas-mayores","status":"publish","type":"post","link":"https:\/\/firagran.com\/es\/suria-abre-unas-ayudas-para-la-rehabilitacion-de-viviendas-de-personas-mayores\/","title":{"rendered":"S\u00faria abre unas ayudas para la rehabilitaci\u00f3n de viviendas de personas mayores"},"content":{"rendered":"<p>El Ayuntamiento de S\u00faria ha abierto el plazo de solicitud de ayudas para obras de mejora de la accesibilidad y la seguridad de los domicilios de personas mayores especialmente vulnerables, acogi\u00e9ndose a un programa de la Diputaci\u00f3n de Barcelona en colaboraci\u00f3n con el departamento de Trabajo de la Generalitat. El plazo de solicitudes durar\u00e1 hasta el pr\u00f3ximo 15 de marzo.<\/p>\n<p>Las personas de las ayudas deben tener de 65 a\u00f1os o m\u00e1s, empadronadas en el municipio, con una antig\u00fcedad m\u00ednima de un a\u00f1o en el padr\u00f3n municipal de habitantes. Tambi\u00e9n personas con dificultades para realizar las actividades de la vida diaria, acreditando su situaci\u00f3n de dependencia o disminuci\u00f3n, de acuerdo con los criterios de valoraci\u00f3n de las bases que regulan la convocatoria; con pocos recursos econ\u00f3micos, de acuerdo con los criterios las mismas bases.<\/p>\n<p>Fuente: http:\/\/www.regio7.cat<br \/>\nLeer m\u00e1s: http:\/\/www.regio7.cat\/bages\/2018\/02\/03\/suria-obre-ajudes-rehabilitacio-dhabitatges\/457976.html<\/p>\n","protected":false},"excerpt":{"rendered":"<p>El Ayuntamiento de S\u00faria ha abierto el plazo de solicitud de ayudas para obras de mejora de la accesibilidad y la seguridad de los domicilios de personas mayores especialmente vulnerables, acogi\u00e9ndose a un programa de <a href=\"https:\/\/firagran.com\/es\/suria-abre-unas-ayudas-para-la-rehabilitacion-de-viviendas-de-personas-mayores\/\"> [&#8230;]<\/a><\/p>\n","protected":false},"author":1,"featured_media":4664,"comment_status":"closed","ping_status":"closed","sticky":false,"template":"","format":"standard","meta":{"footnotes":""},"categories":[28],"tags":[],"class_list":["post-4663","post","type-post","status-publish","format-standard","has-post-thumbnail","hentry","category-general-es"],"_links":{"self":[{"href":"https:\/\/firagran.com\/es\/wp-json\/wp\/v2\/posts\/4663","targetHints":{"allow":["GET"]}}],"collection":[{"href":"https:\/\/firagran.com\/es\/wp-json\/wp\/v2\/posts"}],"about":[{"href":"https:\/\/firagran.com\/es\/wp-json\/wp\/v2\/types\/post"}],"author":[{"embeddable":true,"href":"https:\/\/firagran.com\/es\/wp-json\/wp\/v2\/users\/1"}],"replies":[{"embeddable":true,"href":"https:\/\/firagran.com\/es\/wp-json\/wp\/v2\/comments?post=4663"}],"version-history":[{"count":1,"href":"https:\/\/firagran.com\/es\/wp-json\/wp\/v2\/posts\/4663\/revisions"}],"predecessor-version":[{"id":4665,"href":"https:\/\/firagran.com\/es\/wp-json\/wp\/v2\/posts\/4663\/revisions\/4665"}],"wp:featuredmedia":[{"embeddable":true,"href":"https:\/\/firagran.com\/es\/wp-json\/wp\/v2\/media\/4664"}],"wp:attachment":[{"href":"https:\/\/firagran.com\/es\/wp-json\/wp\/v2\/media?parent=4663"}],"wp:term":[{"taxonomy":"category","embeddable":true,"href":"https:\/\/firagran.com\/es\/wp-json\/wp\/v2\/categories?post=4663"},{"taxonomy":"post_tag","embeddable":true,"href":"https:\/\/firagran.com\/es\/wp-json\/wp\/v2\/tags?post=4663"}],"curies":[{"name":"wp","href":"https:\/\/api.w.org\/{rel}","templated":true}]}}