{"id":5076,"date":"2018-04-25T08:15:01","date_gmt":"2018-04-25T06:15:01","guid":{"rendered":"https:\/\/firagran.com\/?p=5076"},"modified":"2018-04-20T14:21:35","modified_gmt":"2018-04-20T12:21:35","slug":"el-80-del-maltrato-a-personas-mayores-se-da-en-el-ambito-familiar","status":"publish","type":"post","link":"https:\/\/firagran.com\/es\/el-80-del-maltrato-a-personas-mayores-se-da-en-el-ambito-familiar\/","title":{"rendered":"El 80% del maltrato a personas mayores se da en el \u00e1mbito familiar"},"content":{"rendered":"<p><span title=\"El 80 per cent dels maltractaments que pateixen persones grans es d\u00f3na en el si familiar i bona part tenen un car\u00e0cter econ\u00f2mic, especialment en moments de crisi com els que s'han viscut en els \u00faltims anys, en els quals la pensi\u00f3 o el patrimoni acumulat\">El 80 por ciento de los malos tratos que sufren personas mayores se da en el seno familiar y buena parte tienen un car\u00e1cter econ\u00f3mico, especialmente en momentos de crisis como los que se han vivido en los \u00faltimos a\u00f1os, en los que la pensi\u00f3n o el patrimonio acumulado <\/span><span title=\"pels ancians \u00e9s motiu de disputa.\">los ancianos es motivo de disputa. <\/span><span title=\"Aix\u00ed ho va assegurar ahir a Lleida Roser Gal\u00ed, directora general de Fam\u00edlies de la Generalitat, durant la constituci\u00f3 de la comissi\u00f3 territorial que lluitar\u00e0 a les comarques del pla d\u2019una forma m\u00e9s coordinada que fins ara contra aquesta xacra que viuen les persones grans. \">As\u00ed lo asegur\u00f3 ayer en Lleida Roser Gal\u00ed, directora general de Familias de la Generalitat, durante la constituci\u00f3n de la comisi\u00f3n territorial que luchar\u00e1 en las comarcas del plan de una forma m\u00e1s coordinada que hasta ahora contra esta lacra que viven las personas mayores.<\/span><\/p>\n<p><span title=\"Aix\u00ed ho va assegurar ahir a Lleida Roser Gal\u00ed, directora general de Fam\u00edlies de la Generalitat, durant la constituci\u00f3 de la comissi\u00f3 territorial que lluitar\u00e0 a les comarques del pla d\u2019una forma m\u00e9s coordinada que fins ara contra aquesta xacra que viuen les persones grans. \"><br \/>\n<\/span><span title=\"Un dels objectius que inclour\u00e0 aquest protocol, en el qual hi haur\u00e0 implicats t\u00e8cnics de sectors com salut, interior o assumptes socials, \u00e9s sens dubte visibilitzar les v\u00edctimes i elaborar un protocol d\u2019actuaci\u00f3 per a professionals.\">Uno de los objetivos que incluir\u00e1 este protocolo, en el que habr\u00e1 implicados t\u00e9cnicos de sectores como salud, interior o asuntos sociales, es sin duda visibilizar las v\u00edctimas y elaborar un protocolo de actuaci\u00f3n para profesionales. <\/span><span title=\"I \u00e9s que a les comarques lleidatanes, segons les \u00faltimes dades fetes p\u00fabliques, es presenten de mitjana unes tres den\u00fancies al mes per maltractaments a persones grans.\">Y es que en las comarcas leridanas, seg\u00fan los \u00faltimos datos hechos p\u00fablicos, se presentan de media unas tres denuncias al mes por malos tratos a personas mayores. <\/span><span title=\"Tanmateix, els experts asseguren que la gran majoria de casos queden ocults.\">Sin embargo, los expertos aseguran que la gran mayor\u00eda de casos quedan ocultos. <\/span><span title=\"\u201cEn moltes ocasions la v\u00edctima \u00e9s la mare i \u00e9s dif\u00edcil que denunci\u00ef els seus fills perqu\u00e8 \u00e9s un fet molt dram\u00e0tic\u201d, va assegurar Gal\u00ed. \">&#8220;En muchas ocasiones la v\u00edctima es la madre y es dif\u00edcil que denuncie a sus hijos porque es un hecho muy dram\u00e1tico&#8221;, asegur\u00f3 Gal\u00ed.<\/span><\/p>\n<p><strong><span title=\"\u201cEn moltes ocasions la v\u00edctima \u00e9s la mare i \u00e9s dif\u00edcil que denunci\u00ef els seus fills perqu\u00e8 \u00e9s un fet molt dram\u00e0tic\u201d, va assegurar Gal\u00ed. \"><br \/>\n<\/span><\/strong><span title=\"Font: www.segre.com \"><strong>Fuente:<\/strong> www.segre.com<br \/>\n<\/span><span title=\"Llegir m\u00e9s: https:\/\/www.segre.com\/noticies\/lleida\/2018\/04\/18\/el_del_maltractament_gent_gran_dona_l_ambit_familiar_44317_1092.html\"><strong>Leer m\u00e1s:<\/strong> https:\/\/www.segre.com\/noticies\/lleida\/201<\/span><\/p>\n","protected":false},"excerpt":{"rendered":"<p>El 80 por ciento de los malos tratos que sufren personas mayores se da en el seno familiar y buena parte tienen un car\u00e1cter econ\u00f3mico, especialmente en momentos de crisis como los que se han <a href=\"https:\/\/firagran.com\/es\/el-80-del-maltrato-a-personas-mayores-se-da-en-el-ambito-familiar\/\"> [&#8230;]<\/a><\/p>\n","protected":false},"author":1,"featured_media":5074,"comment_status":"closed","ping_status":"closed","sticky":false,"template":"","format":"standard","meta":{"footnotes":""},"categories":[28],"tags":[],"class_list":["post-5076","post","type-post","status-publish","format-standard","has-post-thumbnail","hentry","category-general-es"],"_links":{"self":[{"href":"https:\/\/firagran.com\/es\/wp-json\/wp\/v2\/posts\/5076","targetHints":{"allow":["GET"]}}],"collection":[{"href":"https:\/\/firagran.com\/es\/wp-json\/wp\/v2\/posts"}],"about":[{"href":"https:\/\/firagran.com\/es\/wp-json\/wp\/v2\/types\/post"}],"author":[{"embeddable":true,"href":"https:\/\/firagran.com\/es\/wp-json\/wp\/v2\/users\/1"}],"replies":[{"embeddable":true,"href":"https:\/\/firagran.com\/es\/wp-json\/wp\/v2\/comments?post=5076"}],"version-history":[{"count":2,"href":"https:\/\/firagran.com\/es\/wp-json\/wp\/v2\/posts\/5076\/revisions"}],"predecessor-version":[{"id":5078,"href":"https:\/\/firagran.com\/es\/wp-json\/wp\/v2\/posts\/5076\/revisions\/5078"}],"wp:featuredmedia":[{"embeddable":true,"href":"https:\/\/firagran.com\/es\/wp-json\/wp\/v2\/media\/5074"}],"wp:attachment":[{"href":"https:\/\/firagran.com\/es\/wp-json\/wp\/v2\/media?parent=5076"}],"wp:term":[{"taxonomy":"category","embeddable":true,"href":"https:\/\/firagran.com\/es\/wp-json\/wp\/v2\/categories?post=5076"},{"taxonomy":"post_tag","embeddable":true,"href":"https:\/\/firagran.com\/es\/wp-json\/wp\/v2\/tags?post=5076"}],"curies":[{"name":"wp","href":"https:\/\/api.w.org\/{rel}","templated":true}]}}