{"id":5088,"date":"2018-04-27T08:41:58","date_gmt":"2018-04-27T06:41:58","guid":{"rendered":"https:\/\/firagran.com\/?p=5088"},"modified":"2018-04-20T14:44:03","modified_gmt":"2018-04-20T12:44:03","slug":"santpedor-cierra-el-primer-trimestre-del-ano-con-123-ancianos-con-teleasistencia","status":"publish","type":"post","link":"https:\/\/firagran.com\/es\/santpedor-cierra-el-primer-trimestre-del-ano-con-123-ancianos-con-teleasistencia\/","title":{"rendered":"Santpedor cierra el primer trimestre del a\u00f1o con 123 ancianos con teleasistencia"},"content":{"rendered":"<p><span title=\"Santpedor ha finalitzat el primer trimestre del 2018 amb un total de 123 persones al servei local de teleassist\u00e8ncia per a gent gran.\">Santpedor ha finalizado el primer trimestre del 2018 con un total de 123 personas al servicio local de teleasistencia para personas mayores. <\/span><span title=\"Es tracta d'un servei d'atenci\u00f3 domicili\u00e0ria que facilita l'autonomia de les persones, millora la seguretat a la llar i proporciona tranquil-litat en el seu entorn familiar.\">Se trata de un servicio de atenci\u00f3n domiciliaria que facilita la autonom\u00eda de las personas, mejora la seguridad en el hogar y proporciona tranquilidad en su entorno familiar. <\/span><span title=\"A m\u00e9s, permet comunicar-se les 24 hores del dia i els 365 dies de l'any amb un equip de professionals perqu\u00e8, en cas de necessitat, caiguda o emerg\u00e8ncia, pugui oferir l'ajuda necess\u00e0ria en cada moment.\n\">Adem\u00e1s, permite comunicarse las 24 horas del d\u00eda y los 365 d\u00edas del a\u00f1o con un equipo de profesionales para que, en caso de necesidad, ca\u00edda o emergencia, pueda ofrecer la ayuda necesaria en cada momento.<br \/>\n<\/span><span title=\"El Servei Local de Teleassist\u00e8ncia funciona mitjan\u00e7ant un terminal instal\u00b7lat al domicili de la persona connectat a una central d'atenci\u00f3 telef\u00f2nica i un penjoll que permet moure's lliurement pel domicili.\">El Servicio Local de Teleasistencia funciona mediante un terminal instalado en el domicilio de la persona conectado a una central de atenci\u00f3n telef\u00f3nica y un colgante que permite moverse libremente por el domicilio. <\/span><span title=\"Es complementa amb serveis com les unitats m\u00f2bils, els dispositius de seguretat o el refor\u00e7 en el seguiment de les persones m\u00e9s fr\u00e0gils.\n\">Se complementa con servicios como las unidades m\u00f3viles, los dispositivos de seguridad o el refuerzo en el seguimiento de las personas m\u00e1s fr\u00e1giles.<\/span><\/p>\n<p><span title=\"Es complementa amb serveis com les unitats m\u00f2bils, els dispositius de seguretat o el refor\u00e7 en el seguiment de les persones m\u00e9s fr\u00e0gils.\n\"><br \/>\n<\/span><span title=\"Font: www.regio7.cat\n\"><strong>Fuente:<\/strong> www.regio7.cat<br \/>\n<\/span><span title=\"Llegir m\u00e9s:http:\/\/www.regio7.cat\/bages\/2018\/04\/14\/santpedor-tanca-trimestre-lany-123\/470290.html\"><strong>Leer m\u00e1s:<\/strong> http: \/\/www.regio7.cat\/bages\/2018\/04\/14\/santpedor-tanca-trimestre-lany-123\/470290.html<\/span><\/p>\n","protected":false},"excerpt":{"rendered":"<p>Santpedor ha finalizado el primer trimestre del 2018 con un total de 123 personas al servicio local de teleasistencia para personas mayores. Se trata de un servicio de atenci\u00f3n domiciliaria que facilita la autonom\u00eda de <a href=\"https:\/\/firagran.com\/es\/santpedor-cierra-el-primer-trimestre-del-ano-con-123-ancianos-con-teleasistencia\/\"> [&#8230;]<\/a><\/p>\n","protected":false},"author":1,"featured_media":5086,"comment_status":"closed","ping_status":"closed","sticky":false,"template":"","format":"standard","meta":{"footnotes":""},"categories":[28],"tags":[],"class_list":["post-5088","post","type-post","status-publish","format-standard","has-post-thumbnail","hentry","category-general-es"],"_links":{"self":[{"href":"https:\/\/firagran.com\/es\/wp-json\/wp\/v2\/posts\/5088","targetHints":{"allow":["GET"]}}],"collection":[{"href":"https:\/\/firagran.com\/es\/wp-json\/wp\/v2\/posts"}],"about":[{"href":"https:\/\/firagran.com\/es\/wp-json\/wp\/v2\/types\/post"}],"author":[{"embeddable":true,"href":"https:\/\/firagran.com\/es\/wp-json\/wp\/v2\/users\/1"}],"replies":[{"embeddable":true,"href":"https:\/\/firagran.com\/es\/wp-json\/wp\/v2\/comments?post=5088"}],"version-history":[{"count":1,"href":"https:\/\/firagran.com\/es\/wp-json\/wp\/v2\/posts\/5088\/revisions"}],"predecessor-version":[{"id":5089,"href":"https:\/\/firagran.com\/es\/wp-json\/wp\/v2\/posts\/5088\/revisions\/5089"}],"wp:featuredmedia":[{"embeddable":true,"href":"https:\/\/firagran.com\/es\/wp-json\/wp\/v2\/media\/5086"}],"wp:attachment":[{"href":"https:\/\/firagran.com\/es\/wp-json\/wp\/v2\/media?parent=5088"}],"wp:term":[{"taxonomy":"category","embeddable":true,"href":"https:\/\/firagran.com\/es\/wp-json\/wp\/v2\/categories?post=5088"},{"taxonomy":"post_tag","embeddable":true,"href":"https:\/\/firagran.com\/es\/wp-json\/wp\/v2\/tags?post=5088"}],"curies":[{"name":"wp","href":"https:\/\/api.w.org\/{rel}","templated":true}]}}