{"id":5174,"date":"2018-05-09T12:54:25","date_gmt":"2018-05-09T10:54:25","guid":{"rendered":"https:\/\/firagran.com\/?p=5174"},"modified":"2018-05-09T12:59:38","modified_gmt":"2018-05-09T10:59:38","slug":"navarcles-dedica-toda-una-semana-a-la-gente-mayor","status":"publish","type":"post","link":"https:\/\/firagran.com\/es\/navarcles-dedica-toda-una-semana-a-la-gente-mayor\/","title":{"rendered":"Navarcles dedica toda una semana a la gente mayor"},"content":{"rendered":"<p>Habr\u00e1 talleres y actividades de car\u00e1cter l\u00fadico del 15 al 21 de mayo<\/p>\n<p>Navarcles celebra una nueva edici\u00f3n de la Semana de las Personas Mayores. Ser\u00e1 del 15 al 21 de mayo, con una serie de actividades y talleres gratuitos. Este a\u00f1o, adem\u00e1s, incorpora una charla de dieta saludable con profesionales del sector de la salud.<\/p>\n<p>El objetivo es llegar al m\u00e1ximo de personas posible a trav\u00e9s del abanico de actividades que se han organizado, para dar respuesta a diferentes intereses. Se quiere que esta semana sea un espacio de encuentro y que los participantes conozcan m\u00e1s actividades de las habituales.<\/p>\n<p>La risoterapia dar\u00e1 el disparo de salida a la semana. Ser\u00e1 el martes 15 de mayo, de 4 a 6 de la tarde en el Esplai de Navarcles . El taller permitir\u00e1 conocer las ventajas y beneficios de la risa, como por ejemplo, desarrollar la empat\u00eda, la aceptaci\u00f3n, la asertividad y el aprendizaje de uno mismo.<\/p>\n<p><strong>\u00a0<\/strong><\/p>\n<p><strong>Fuente:<\/strong> regio7.cat<\/p>\n<p><strong>Leer m\u00e1s:<\/strong><\/p>\n<p><a href=\"https:\/\/translate.google.es\/translate?hl=es&amp;sl=ca&amp;u=http:\/\/www.regio7.cat\/bages\/2018\/05\/08\/navarcles-dedica-tota-setmana-gent\/474620.html&amp;prev=search\">https:\/\/translate.google.es\/translate?hl=es&amp;sl=ca&amp;u=http:\/\/www.regio7.cat\/bages\/2018\/05\/08\/navarcles-dedica-tota-setmana-gent\/474620.html&amp;prev=search<\/a><\/p>\n","protected":false},"excerpt":{"rendered":"<p>Habr\u00e1 talleres y actividades de car\u00e1cter l\u00fadico del 15 al 21 de mayo Navarcles celebra una nueva edici\u00f3n de la Semana de las Personas Mayores. Ser\u00e1 del 15 al 21 de mayo, con una serie <a href=\"https:\/\/firagran.com\/es\/navarcles-dedica-toda-una-semana-a-la-gente-mayor\/\"> [&#8230;]<\/a><\/p>\n","protected":false},"author":1,"featured_media":5172,"comment_status":"closed","ping_status":"closed","sticky":false,"template":"","format":"standard","meta":{"footnotes":""},"categories":[75],"tags":[],"class_list":["post-5174","post","type-post","status-publish","format-standard","has-post-thumbnail","hentry","category-envejecimiento-activo"],"_links":{"self":[{"href":"https:\/\/firagran.com\/es\/wp-json\/wp\/v2\/posts\/5174","targetHints":{"allow":["GET"]}}],"collection":[{"href":"https:\/\/firagran.com\/es\/wp-json\/wp\/v2\/posts"}],"about":[{"href":"https:\/\/firagran.com\/es\/wp-json\/wp\/v2\/types\/post"}],"author":[{"embeddable":true,"href":"https:\/\/firagran.com\/es\/wp-json\/wp\/v2\/users\/1"}],"replies":[{"embeddable":true,"href":"https:\/\/firagran.com\/es\/wp-json\/wp\/v2\/comments?post=5174"}],"version-history":[{"count":1,"href":"https:\/\/firagran.com\/es\/wp-json\/wp\/v2\/posts\/5174\/revisions"}],"predecessor-version":[{"id":5175,"href":"https:\/\/firagran.com\/es\/wp-json\/wp\/v2\/posts\/5174\/revisions\/5175"}],"wp:featuredmedia":[{"embeddable":true,"href":"https:\/\/firagran.com\/es\/wp-json\/wp\/v2\/media\/5172"}],"wp:attachment":[{"href":"https:\/\/firagran.com\/es\/wp-json\/wp\/v2\/media?parent=5174"}],"wp:term":[{"taxonomy":"category","embeddable":true,"href":"https:\/\/firagran.com\/es\/wp-json\/wp\/v2\/categories?post=5174"},{"taxonomy":"post_tag","embeddable":true,"href":"https:\/\/firagran.com\/es\/wp-json\/wp\/v2\/tags?post=5174"}],"curies":[{"name":"wp","href":"https:\/\/api.w.org\/{rel}","templated":true}]}}