{"id":5184,"date":"2018-05-11T09:07:19","date_gmt":"2018-05-11T07:07:19","guid":{"rendered":"https:\/\/firagran.com\/?p=5184"},"modified":"2018-05-09T13:08:37","modified_gmt":"2018-05-09T11:08:37","slug":"calaf-incorpora-un-festival-de-habaneras-en-la-semana-dedicada-a-las-personas-mayores","status":"publish","type":"post","link":"https:\/\/firagran.com\/es\/calaf-incorpora-un-festival-de-habaneras-en-la-semana-dedicada-a-las-personas-mayores\/","title":{"rendered":"Calaf incorpora un festival de habaneras en la semana dedicada a las personas mayores"},"content":{"rendered":"<p>La Semana de los Mayores de Calaf comienza el lunes 14 de mayo con una visita a la exposici\u00f3n \u00abLa practicantes, una vida dedicada al servicio de la sanidad\u00bb, que consiste en una reproducci\u00f3n de la medicina hace 60 a\u00f1os a trav\u00e9s de la reconstrucci\u00f3n del consultorio de Mar\u00eda \u00c1ngeles Pujol Bacardit, la practicantes de Calaf, con todos los utensilios sanitarios que utilizaba.<\/p>\n<p>La exposici\u00f3n estar\u00e1 ubicada en su antigua casa, Cal Matr\u00edculas, y tambi\u00e9n tendr\u00e1 un apartado donde se explicar\u00e1 parte de su historia sanitaria, familiar y de su \u00e1mbito social y colaborativo con el pueblo, sus viajes alrededor del mundo y las muestras de agradecimiento en el momento de su jubilaci\u00f3n.<\/p>\n<p>Este a\u00f1o, la semana de la tercera edad llega con novedades, entre otras, la creaci\u00f3n del primer Concurso de Habaneras de Secano. El programa se dirige especialmente a las personas mayores de 65, aunque muchas de las actividades tambi\u00e9n estar\u00e1n abiertas al p\u00fablico en general. La mayor\u00eda de actos son gratuitos excepto el festival de habaneras y la comida popular. A muchos de los actos, pero, aunque sean gratuito, se pide inscripci\u00f3n previa, que se puede hacer en el Ayuntamiento de Calaf o el Esplai de la Gent Gran.<\/p>\n<p><strong>Fuente:<\/strong> regio7.cat<\/p>\n<p><strong>Leer m\u00e1s:<\/strong> <a href=\"https:\/\/translate.google.es\/translate?hl=es&amp;sl=ca&amp;u=http:\/\/www.regio7.cat\/anoia-baix-llobregat\/2018\/05\/06\/calaf-incorpora-festival-dhavaneres-setmana\/474173.html&amp;prev=search\">https:\/\/translate.google.es\/translate?hl=es&amp;sl=ca&amp;u=http:\/\/www.regio7.cat\/anoia-baix-llobregat\/2018\/05\/06\/calaf-incorpora-festival-dhavaneres-setmana\/474173.html&amp;prev=search<\/a><\/p>\n","protected":false},"excerpt":{"rendered":"<p>La Semana de los Mayores de Calaf comienza el lunes 14 de mayo con una visita a la exposici\u00f3n \u00abLa practicantes, una vida dedicada al servicio de la sanidad\u00bb, que consiste en una reproducci\u00f3n de <a href=\"https:\/\/firagran.com\/es\/calaf-incorpora-un-festival-de-habaneras-en-la-semana-dedicada-a-las-personas-mayores\/\"> [&#8230;]<\/a><\/p>\n","protected":false},"author":1,"featured_media":5182,"comment_status":"closed","ping_status":"closed","sticky":false,"template":"","format":"standard","meta":{"footnotes":""},"categories":[75],"tags":[],"class_list":["post-5184","post","type-post","status-publish","format-standard","has-post-thumbnail","hentry","category-envejecimiento-activo"],"_links":{"self":[{"href":"https:\/\/firagran.com\/es\/wp-json\/wp\/v2\/posts\/5184","targetHints":{"allow":["GET"]}}],"collection":[{"href":"https:\/\/firagran.com\/es\/wp-json\/wp\/v2\/posts"}],"about":[{"href":"https:\/\/firagran.com\/es\/wp-json\/wp\/v2\/types\/post"}],"author":[{"embeddable":true,"href":"https:\/\/firagran.com\/es\/wp-json\/wp\/v2\/users\/1"}],"replies":[{"embeddable":true,"href":"https:\/\/firagran.com\/es\/wp-json\/wp\/v2\/comments?post=5184"}],"version-history":[{"count":1,"href":"https:\/\/firagran.com\/es\/wp-json\/wp\/v2\/posts\/5184\/revisions"}],"predecessor-version":[{"id":5185,"href":"https:\/\/firagran.com\/es\/wp-json\/wp\/v2\/posts\/5184\/revisions\/5185"}],"wp:featuredmedia":[{"embeddable":true,"href":"https:\/\/firagran.com\/es\/wp-json\/wp\/v2\/media\/5182"}],"wp:attachment":[{"href":"https:\/\/firagran.com\/es\/wp-json\/wp\/v2\/media?parent=5184"}],"wp:term":[{"taxonomy":"category","embeddable":true,"href":"https:\/\/firagran.com\/es\/wp-json\/wp\/v2\/categories?post=5184"},{"taxonomy":"post_tag","embeddable":true,"href":"https:\/\/firagran.com\/es\/wp-json\/wp\/v2\/tags?post=5184"}],"curies":[{"name":"wp","href":"https:\/\/api.w.org\/{rel}","templated":true}]}}