{"id":6104,"date":"2018-07-20T09:00:22","date_gmt":"2018-07-20T07:00:22","guid":{"rendered":"https:\/\/firagran.com\/?p=6104"},"modified":"2018-07-19T11:29:43","modified_gmt":"2018-07-19T09:29:43","slug":"barcelona-detecta-mas-de-400-casos-de-maltrato-a-ancianos-en-2017","status":"publish","type":"post","link":"https:\/\/firagran.com\/es\/barcelona-detecta-mas-de-400-casos-de-maltrato-a-ancianos-en-2017\/","title":{"rendered":"Barcelona detecta m\u00e1s de 400 casos de maltrato a ancianos en 2017"},"content":{"rendered":"<p>La Diputaci\u00f3n apunta a que el maltrato psicol\u00f3gico y econ\u00f3mico por parte de los hijos a sus madres es el perfil m\u00e1s com\u00fan<\/p>\n<p>En silencio, de forma velada y ajeno a la calle, el maltrato a las personas ancianas se perpet\u00faa sin hacer ruido. Los expertos alertan de una infradetecci\u00f3n de esta problem\u00e1tica y que los casos salen a la luz a cuentagotas. No obstante, pese a las v\u00edctimas silenciadas que a\u00fan quedan al acecho, la provincia de Barcelona ha detectado alrededor de 445 casos en 2017. Por un lado, los servicios sociales de la ciudad de Barcelona intervinieron el a\u00f1o pasado con 112 ancianos. La Diputaci\u00f3n de Barcelona, por otra parte, ha montado un grupo de estudio que, junto a los servicios sociales municipales del resto de la provincia, ha descubierto 323 casos.<\/p>\n<p>Hay muchos tipos de maltrato y muchas causas del silencio. &#8220;Son casos de dif\u00edcil detecci\u00f3n porque se producen dentro del espacio familiar&#8221;, apunta la vicepresidenta segunda de la Diputaci\u00f3n, Meritxell Bud\u00f3. Desde el maltrato f\u00edsico, m\u00e1s detectable a simple vista pero menos habitual, hasta el maltrato econ\u00f3mico, el psicol\u00f3gico, la negligencia, el abandono o la vulneraci\u00f3n de derechos. Todas son formas de maltrato que pueden pasar desapercibidas. Movimientos an\u00f3malos en las cuentas bancarias o encontrar a un anciano dependiente sin el nivel de aseo y atenci\u00f3n adecuado pueden dar la se\u00f1al de alerta pero de ah\u00ed a que la sospecha se verifique, hay un trecho. El silencio de la v\u00edctima es dif\u00edcil de romper. &#8220;Ocurre lo mismo que en violencia de g\u00e9nero. Cuesta que decidan denunciar, sobre todo si el maltratador es un hijo o un familiar&#8221;, apunta Bud\u00f3, que es diputada del \u00c1rea de Atenci\u00f3n a las Personas.<\/p>\n<p><strong>Fuente:<\/strong> elpais.com<\/p>\n<p><strong>Leer m\u00e1s:<\/strong> https:\/\/elpais.com\/ccaa\/2018\/07\/13\/catalunya\/1531497988_972777.html<\/p>\n","protected":false},"excerpt":{"rendered":"<p>La Diputaci\u00f3n apunta a que el maltrato psicol\u00f3gico y econ\u00f3mico por parte de los hijos a sus madres es el perfil m\u00e1s com\u00fan En silencio, de forma velada y ajeno a la calle, el maltrato <a href=\"https:\/\/firagran.com\/es\/barcelona-detecta-mas-de-400-casos-de-maltrato-a-ancianos-en-2017\/\"> [&#8230;]<\/a><\/p>\n","protected":false},"author":1,"featured_media":6105,"comment_status":"closed","ping_status":"closed","sticky":false,"template":"","format":"standard","meta":{"footnotes":""},"categories":[85],"tags":[],"class_list":["post-6104","post","type-post","status-publish","format-standard","has-post-thumbnail","hentry","category-maltrato"],"_links":{"self":[{"href":"https:\/\/firagran.com\/es\/wp-json\/wp\/v2\/posts\/6104","targetHints":{"allow":["GET"]}}],"collection":[{"href":"https:\/\/firagran.com\/es\/wp-json\/wp\/v2\/posts"}],"about":[{"href":"https:\/\/firagran.com\/es\/wp-json\/wp\/v2\/types\/post"}],"author":[{"embeddable":true,"href":"https:\/\/firagran.com\/es\/wp-json\/wp\/v2\/users\/1"}],"replies":[{"embeddable":true,"href":"https:\/\/firagran.com\/es\/wp-json\/wp\/v2\/comments?post=6104"}],"version-history":[{"count":1,"href":"https:\/\/firagran.com\/es\/wp-json\/wp\/v2\/posts\/6104\/revisions"}],"predecessor-version":[{"id":6107,"href":"https:\/\/firagran.com\/es\/wp-json\/wp\/v2\/posts\/6104\/revisions\/6107"}],"wp:featuredmedia":[{"embeddable":true,"href":"https:\/\/firagran.com\/es\/wp-json\/wp\/v2\/media\/6105"}],"wp:attachment":[{"href":"https:\/\/firagran.com\/es\/wp-json\/wp\/v2\/media?parent=6104"}],"wp:term":[{"taxonomy":"category","embeddable":true,"href":"https:\/\/firagran.com\/es\/wp-json\/wp\/v2\/categories?post=6104"},{"taxonomy":"post_tag","embeddable":true,"href":"https:\/\/firagran.com\/es\/wp-json\/wp\/v2\/tags?post=6104"}],"curies":[{"name":"wp","href":"https:\/\/api.w.org\/{rel}","templated":true}]}}