{"id":6751,"date":"2018-11-07T09:00:16","date_gmt":"2018-11-07T08:00:16","guid":{"rendered":"https:\/\/firagran.com\/?p=6751"},"modified":"2018-11-05T16:04:27","modified_gmt":"2018-11-05T15:04:27","slug":"comienza-la-campana-de-vacunacion-de-la-gripe-con-el-objetivo-de-aumentar-la-cobertura-entre-el-personal-sanitario","status":"publish","type":"post","link":"https:\/\/firagran.com\/es\/comienza-la-campana-de-vacunacion-de-la-gripe-con-el-objetivo-de-aumentar-la-cobertura-entre-el-personal-sanitario\/","title":{"rendered":"Comienza la campa\u00f1a de vacunaci\u00f3n de la gripe con el objetivo de aumentar la cobertura entre el personal sanitario"},"content":{"rendered":"<p>El departamento ha adquirido m\u00e1s de 1,2 millones de dosis de la vacuna que est\u00e1n disponibles en todos los CAP y centros vac\u00fanales.<\/p>\n<p>El Departamento de Salud ha iniciado hoy la campa\u00f1a de vacunaci\u00f3n de la gripe 2018-2019 para la que ha adquirido m\u00e1s de 1,2 millones de dosis de la vacuna que estar\u00e1n disponibles en todos los CAP y centros vacunales del Principado. Salud pone el foco este a\u00f1o en los profesionales sanitarios y se fija el reto de incrementar la tasa de vacunaciones entre este colectivo, que actualmente se sit\u00faa en torno al 23%. Adem\u00e1s de los profesionales sanitarios, la campa\u00f1a antigripal incide en la vacunaci\u00f3n del resto de grupos de riesgo, como son las embarazadas, los enfermos cr\u00f3nicos y con factores de riesgo de todas las edades y las personas mayores de 60 a\u00f1os. El periodo \u00f3ptimo de vacunaci\u00f3n es hasta el 15 de diciembre, unos quince d\u00edas antes de que la gripe llegue al umbral epid\u00e9mico, que este a\u00f1o se sit\u00faa en los 110,7 casos por 100.000 habitantes. Sin embargo, las dosis estar\u00e1n disponibles durante toda la temporada de gripe.<\/p>\n<p><strong>Fuente:<\/strong> vilaweb.cat\/<\/p>\n<p><strong>Leer m\u00e1s: <\/strong>https:\/\/translate.google.es\/translate?hl=es&amp;sl=ca&amp;u=https:\/\/www.vilaweb.cat\/noticies\/comenca-la-campanya-de-vacunacio-de-la-grip-amb-lobjectiu-de-salut-daugmentar-la-cobertura-entre-el-personal-sanitari-2\/&amp;prev=search<\/p>\n","protected":false},"excerpt":{"rendered":"<p>El departamento ha adquirido m\u00e1s de 1,2 millones de dosis de la vacuna que est\u00e1n disponibles en todos los CAP y centros vac\u00fanales. El Departamento de Salud ha iniciado hoy la campa\u00f1a de vacunaci\u00f3n de <a href=\"https:\/\/firagran.com\/es\/comienza-la-campana-de-vacunacion-de-la-gripe-con-el-objetivo-de-aumentar-la-cobertura-entre-el-personal-sanitario\/\"> [&#8230;]<\/a><\/p>\n","protected":false},"author":1,"featured_media":6749,"comment_status":"closed","ping_status":"closed","sticky":false,"template":"","format":"standard","meta":{"footnotes":""},"categories":[81],"tags":[],"class_list":["post-6751","post","type-post","status-publish","format-standard","has-post-thumbnail","hentry","category-habitos-saludables"],"_links":{"self":[{"href":"https:\/\/firagran.com\/es\/wp-json\/wp\/v2\/posts\/6751","targetHints":{"allow":["GET"]}}],"collection":[{"href":"https:\/\/firagran.com\/es\/wp-json\/wp\/v2\/posts"}],"about":[{"href":"https:\/\/firagran.com\/es\/wp-json\/wp\/v2\/types\/post"}],"author":[{"embeddable":true,"href":"https:\/\/firagran.com\/es\/wp-json\/wp\/v2\/users\/1"}],"replies":[{"embeddable":true,"href":"https:\/\/firagran.com\/es\/wp-json\/wp\/v2\/comments?post=6751"}],"version-history":[{"count":3,"href":"https:\/\/firagran.com\/es\/wp-json\/wp\/v2\/posts\/6751\/revisions"}],"predecessor-version":[{"id":6754,"href":"https:\/\/firagran.com\/es\/wp-json\/wp\/v2\/posts\/6751\/revisions\/6754"}],"wp:featuredmedia":[{"embeddable":true,"href":"https:\/\/firagran.com\/es\/wp-json\/wp\/v2\/media\/6749"}],"wp:attachment":[{"href":"https:\/\/firagran.com\/es\/wp-json\/wp\/v2\/media?parent=6751"}],"wp:term":[{"taxonomy":"category","embeddable":true,"href":"https:\/\/firagran.com\/es\/wp-json\/wp\/v2\/categories?post=6751"},{"taxonomy":"post_tag","embeddable":true,"href":"https:\/\/firagran.com\/es\/wp-json\/wp\/v2\/tags?post=6751"}],"curies":[{"name":"wp","href":"https:\/\/api.w.org\/{rel}","templated":true}]}}