{"id":6807,"date":"2018-11-14T17:00:07","date_gmt":"2018-11-14T16:00:07","guid":{"rendered":"https:\/\/firagran.com\/?p=6807"},"modified":"2018-11-16T13:09:37","modified_gmt":"2018-11-16T12:09:37","slug":"el-1r-encuentro-de-los-mayores-se-convierte-en-un-reconocimiento-de-mas-de-1-200-personas","status":"publish","type":"post","link":"https:\/\/firagran.com\/es\/el-1r-encuentro-de-los-mayores-se-convierte-en-un-reconocimiento-de-mas-de-1-200-personas\/","title":{"rendered":"El 1r Encuentro de los Mayores se convierte en un reconocimiento de m\u00e1s de 1.200 personas"},"content":{"rendered":"<p>Cerca de 1.250 personas han participado este domingo en el 1r Encuentro de los Mayores de Martorell a Ca n&#8217;Oliveras. Un acto organizado por el Ayuntamiento de Martorell en colaboraci\u00f3n con los dos centros de la tercera edad y grupos de voluntarios, que pretende reconocer anualmente las personas mayores de 65 a\u00f1os de la poblaci\u00f3n y que, al mismo tiempo, unifica las fiestas que hasta ahora celebraban cada a\u00f1o ambos centros recreativos. La fiesta ha incluido una comida de fideu\u00e1, un reconocimiento a una veintena de personas que han dedicado su tiempo a la gente mayor y baile.<\/p>\n<p>&#8220;Este acto es la manera de rendiros un homenaje. De reconocer a todas las personas mayores de Martorell. Porque como pueblo y como pa\u00eds, somos como somos gracias a que ha habido una generaci\u00f3n como la suya que ha trabajado mucho. \u00a1Esta es vuestra fiesta! &#8220;, Ha destacado el alcalde de Martorell, Xavier Fonollosa. As\u00ed se ha expresado en la bienvenida a todos los asistentes a la Nave 2 de Ca n&#8217;Oliveras. A continuaci\u00f3n han comido fideu\u00e1 y morcilla y han bailado al ritmo del artista Marco Anglarill y de las coreograf\u00edas preparadas por los centros recreativos.<\/p>\n<p><strong>Fuente:<\/strong> noticies.martorell.cat<\/p>\n<p><strong>Leer m\u00e1s<\/strong>: https:\/\/translate.google.es\/translate?hl=es&amp;sl=ca&amp;u=https:\/\/noticies.martorell.cat\/la-1a-trobada-de-la-gent-gran-es-converteix-en-un-massiu-reconeixement-a-mes-de-1-200-persones\/&amp;prev=search<\/p>\n","protected":false},"excerpt":{"rendered":"<p>Cerca de 1.250 personas han participado este domingo en el 1r Encuentro de los Mayores de Martorell a Ca n&#8217;Oliveras. Un acto organizado por el Ayuntamiento de Martorell en colaboraci\u00f3n con los dos centros de <a href=\"https:\/\/firagran.com\/es\/el-1r-encuentro-de-los-mayores-se-convierte-en-un-reconocimiento-de-mas-de-1-200-personas\/\"> [&#8230;]<\/a><\/p>\n","protected":false},"author":1,"featured_media":6805,"comment_status":"closed","ping_status":"closed","sticky":false,"template":"","format":"standard","meta":{"footnotes":""},"categories":[75],"tags":[],"class_list":["post-6807","post","type-post","status-publish","format-standard","has-post-thumbnail","hentry","category-envejecimiento-activo"],"_links":{"self":[{"href":"https:\/\/firagran.com\/es\/wp-json\/wp\/v2\/posts\/6807","targetHints":{"allow":["GET"]}}],"collection":[{"href":"https:\/\/firagran.com\/es\/wp-json\/wp\/v2\/posts"}],"about":[{"href":"https:\/\/firagran.com\/es\/wp-json\/wp\/v2\/types\/post"}],"author":[{"embeddable":true,"href":"https:\/\/firagran.com\/es\/wp-json\/wp\/v2\/users\/1"}],"replies":[{"embeddable":true,"href":"https:\/\/firagran.com\/es\/wp-json\/wp\/v2\/comments?post=6807"}],"version-history":[{"count":3,"href":"https:\/\/firagran.com\/es\/wp-json\/wp\/v2\/posts\/6807\/revisions"}],"predecessor-version":[{"id":6837,"href":"https:\/\/firagran.com\/es\/wp-json\/wp\/v2\/posts\/6807\/revisions\/6837"}],"wp:featuredmedia":[{"embeddable":true,"href":"https:\/\/firagran.com\/es\/wp-json\/wp\/v2\/media\/6805"}],"wp:attachment":[{"href":"https:\/\/firagran.com\/es\/wp-json\/wp\/v2\/media?parent=6807"}],"wp:term":[{"taxonomy":"category","embeddable":true,"href":"https:\/\/firagran.com\/es\/wp-json\/wp\/v2\/categories?post=6807"},{"taxonomy":"post_tag","embeddable":true,"href":"https:\/\/firagran.com\/es\/wp-json\/wp\/v2\/tags?post=6807"}],"curies":[{"name":"wp","href":"https:\/\/api.w.org\/{rel}","templated":true}]}}