{"id":6860,"date":"2018-11-22T09:00:08","date_gmt":"2018-11-22T08:00:08","guid":{"rendered":"https:\/\/firagran.com\/?p=6860"},"modified":"2018-11-20T11:58:12","modified_gmt":"2018-11-20T10:58:12","slug":"3a-edicion-el-teatro-de-sarria-con-y-para-la-gente-mayor","status":"publish","type":"post","link":"https:\/\/firagran.com\/es\/3a-edicion-el-teatro-de-sarria-con-y-para-la-gente-mayor\/","title":{"rendered":"3\u00aa edici\u00f3n El Teatro de Sarri\u00e0 con y para la gente mayor"},"content":{"rendered":"<p>La iniciativa se dirige a los usuarios del Proyecto Radares Sarri\u00e0 &#8211; Sant Gervasi ya todas las personas mayores del barrio que cumplan los requisitos.<\/p>\n<p>La programaci\u00f3n de esta 3\u00aa edici\u00f3n tendr\u00e1 lugar los meses de noviembre y diciembre.<\/p>\n<p>El proyecto El Teatro de Sarri\u00e0 con y para las personas mayores contempla la posibilidad de que todas las personas de m\u00e1s de 60 a\u00f1os, en disposici\u00f3n de Tarjeta Rosa, puedan disfrutar de la oferta cultural del Teatro de Sarri\u00e0 a un precio simb\u00f3lico.<\/p>\n<p>El objetivo es promover la inclusi\u00f3n, el arraigo al territorio y la reducci\u00f3n del sentimiento de soledad no querida de todas las personas mayores de Sarri\u00e0 &#8211; Sant Gervasi, y por este motivo desde el Distrito y, junto con el Teatro de Sarri\u00e0, se puso en marcha este proyecto que en esta 3\u00aa edici\u00f3n incluye una programaci\u00f3n durante los meses de noviembre y diciembre.<\/p>\n<p><strong>Programaci\u00f3n<\/strong><\/p>\n<p><strong>Domingo, 18 de noviembre a las 18 h <\/strong><\/p>\n<p>Cine Espiritual<\/p>\n<p>Cine: Dios m\u00edo, \u00bfpero qu\u00e9 te hemos hecho?<\/p>\n<p><strong>Domingo, 25 de noviembre a las 18 h <\/strong><\/p>\n<p>12 Sin Piedad<\/p>\n<p>Teatro: Drama judicial de intriga<\/p>\n<p><strong>\u00a0Martes, 18 de diciembre a las 11.30 h <\/strong><\/p>\n<p>Concierto de Navidad &#8211; Agrupaci\u00f3n Madrigal<\/p>\n<p>Grupo Coral<\/p>\n<p><strong>Domingo, 30 de diciembre a las 17.30 h <\/strong><\/p>\n<p>Estrella de Nazaret<\/p>\n<p>Teatro: Pastorets de Sarri\u00e0<\/p>\n<p>Puede reservar sus entradas llamando al 932 03 97 72, por correo electr\u00f3nico centreiteatredesarria@gmail.com , o directamente en la secretar\u00eda del centro.<\/p>\n<p>&nbsp;<\/p>\n<p><strong>Fuente: <\/strong>ajuntament.barcelona.cat<\/p>\n<p><strong>Leer m\u00e1s: <\/strong>https:\/\/translate.google.es\/translate?hl=es&amp;sl=ca&amp;u=https:\/\/ajuntament.barcelona.cat\/sarria-santgervasi\/ca\/noticia\/3a-edicio-el-teatre-de-sarria-amb-i-per-a-la-gent-gran_736395&amp;prev=search<\/p>\n<p>&nbsp;<\/p>\n","protected":false},"excerpt":{"rendered":"<p>La iniciativa se dirige a los usuarios del Proyecto Radares Sarri\u00e0 &#8211; Sant Gervasi ya todas las personas mayores del barrio que cumplan los requisitos. La programaci\u00f3n de esta 3\u00aa edici\u00f3n tendr\u00e1 lugar los meses <a href=\"https:\/\/firagran.com\/es\/3a-edicion-el-teatro-de-sarria-con-y-para-la-gente-mayor\/\"> [&#8230;]<\/a><\/p>\n","protected":false},"author":1,"featured_media":6856,"comment_status":"closed","ping_status":"closed","sticky":false,"template":"","format":"standard","meta":{"footnotes":""},"categories":[75],"tags":[],"class_list":["post-6860","post","type-post","status-publish","format-standard","has-post-thumbnail","hentry","category-envejecimiento-activo"],"_links":{"self":[{"href":"https:\/\/firagran.com\/es\/wp-json\/wp\/v2\/posts\/6860","targetHints":{"allow":["GET"]}}],"collection":[{"href":"https:\/\/firagran.com\/es\/wp-json\/wp\/v2\/posts"}],"about":[{"href":"https:\/\/firagran.com\/es\/wp-json\/wp\/v2\/types\/post"}],"author":[{"embeddable":true,"href":"https:\/\/firagran.com\/es\/wp-json\/wp\/v2\/users\/1"}],"replies":[{"embeddable":true,"href":"https:\/\/firagran.com\/es\/wp-json\/wp\/v2\/comments?post=6860"}],"version-history":[{"count":5,"href":"https:\/\/firagran.com\/es\/wp-json\/wp\/v2\/posts\/6860\/revisions"}],"predecessor-version":[{"id":6865,"href":"https:\/\/firagran.com\/es\/wp-json\/wp\/v2\/posts\/6860\/revisions\/6865"}],"wp:featuredmedia":[{"embeddable":true,"href":"https:\/\/firagran.com\/es\/wp-json\/wp\/v2\/media\/6856"}],"wp:attachment":[{"href":"https:\/\/firagran.com\/es\/wp-json\/wp\/v2\/media?parent=6860"}],"wp:term":[{"taxonomy":"category","embeddable":true,"href":"https:\/\/firagran.com\/es\/wp-json\/wp\/v2\/categories?post=6860"},{"taxonomy":"post_tag","embeddable":true,"href":"https:\/\/firagran.com\/es\/wp-json\/wp\/v2\/tags?post=6860"}],"curies":[{"name":"wp","href":"https:\/\/api.w.org\/{rel}","templated":true}]}}