{"id":6929,"date":"2018-11-29T09:00:07","date_gmt":"2018-11-29T08:00:07","guid":{"rendered":"https:\/\/firagran.com\/?p=6929"},"modified":"2018-11-29T12:28:15","modified_gmt":"2018-11-29T11:28:15","slug":"cardona-celebra-el-90-aniversario-de-las-abuelas-y-abuelos-en-el-casal-de-la-gent-gran","status":"publish","type":"post","link":"https:\/\/firagran.com\/es\/cardona-celebra-el-90-aniversario-de-las-abuelas-y-abuelos-en-el-casal-de-la-gent-gran\/","title":{"rendered":"Cardona celebra el 90 aniversario de las abuelas y abuelos en el Casal de la Gent Gran"},"content":{"rendered":"<p>Tendr\u00e1 lugar el domingo a las 5 de la tarde.<\/p>\n<p>El Ayuntamiento de Cardona, conjuntamente con las asociaciones A vivir que son dos d\u00edas y La sal de Cardona, organizan una fiesta para celebrar el 90 aniversario de las abuelas y abuelos del municipio, que se celebrar\u00e1 el domingo 25 de noviembre en el Casal de la Mayores.<\/p>\n<p>El acto tiene la voluntad de dedicar un homenaje a todos aquellos de Cardona y CARDONINA que cumplen 90 a\u00f1os en el transcurso del a\u00f1o. Comenzar\u00e1 a las 17.00h, con algunas actuaciones musicales y se entregar\u00e1n obsequios a las personas homenajeadas. El alcalde de Cardona cerrar\u00e1 el acto que finalizar\u00e1 con un piscolabis para todos los asistentes.<\/p>\n<p>&nbsp;<\/p>\n<p><strong>Fuente: <\/strong>naciodigital.cat<\/p>\n<p><strong>Leer m\u00e1s: <\/strong><a href=\"https:\/\/translate.google.es\/translate?hl=es&amp;sl=ca&amp;u=https:\/\/www.naciodigital.cat\/manresa\/noticia\/79722\/cardona\/celebra\/90e\/aniversari\/avies\/avis\/al\/casal\/gent\/gran&amp;prev=search\">https:\/\/translate.google.es\/translate?hl=es&amp;sl=ca&amp;u=https:\/\/www.naciodigital.cat\/manresa\/noticia\/79722\/cardona\/celebra\/90e\/aniversari\/avies\/avis\/al\/casal\/gent\/gran&amp;prev=search<\/a><\/p>\n","protected":false},"excerpt":{"rendered":"<p>Tendr\u00e1 lugar el domingo a las 5 de la tarde. El Ayuntamiento de Cardona, conjuntamente con las asociaciones A vivir que son dos d\u00edas y La sal de Cardona, organizan una fiesta para celebrar el <a href=\"https:\/\/firagran.com\/es\/cardona-celebra-el-90-aniversario-de-las-abuelas-y-abuelos-en-el-casal-de-la-gent-gran\/\"> [&#8230;]<\/a><\/p>\n","protected":false},"author":1,"featured_media":6927,"comment_status":"closed","ping_status":"closed","sticky":false,"template":"","format":"standard","meta":{"footnotes":""},"categories":[75],"tags":[],"class_list":["post-6929","post","type-post","status-publish","format-standard","has-post-thumbnail","hentry","category-envejecimiento-activo"],"_links":{"self":[{"href":"https:\/\/firagran.com\/es\/wp-json\/wp\/v2\/posts\/6929","targetHints":{"allow":["GET"]}}],"collection":[{"href":"https:\/\/firagran.com\/es\/wp-json\/wp\/v2\/posts"}],"about":[{"href":"https:\/\/firagran.com\/es\/wp-json\/wp\/v2\/types\/post"}],"author":[{"embeddable":true,"href":"https:\/\/firagran.com\/es\/wp-json\/wp\/v2\/users\/1"}],"replies":[{"embeddable":true,"href":"https:\/\/firagran.com\/es\/wp-json\/wp\/v2\/comments?post=6929"}],"version-history":[{"count":2,"href":"https:\/\/firagran.com\/es\/wp-json\/wp\/v2\/posts\/6929\/revisions"}],"predecessor-version":[{"id":6964,"href":"https:\/\/firagran.com\/es\/wp-json\/wp\/v2\/posts\/6929\/revisions\/6964"}],"wp:featuredmedia":[{"embeddable":true,"href":"https:\/\/firagran.com\/es\/wp-json\/wp\/v2\/media\/6927"}],"wp:attachment":[{"href":"https:\/\/firagran.com\/es\/wp-json\/wp\/v2\/media?parent=6929"}],"wp:term":[{"taxonomy":"category","embeddable":true,"href":"https:\/\/firagran.com\/es\/wp-json\/wp\/v2\/categories?post=6929"},{"taxonomy":"post_tag","embeddable":true,"href":"https:\/\/firagran.com\/es\/wp-json\/wp\/v2\/tags?post=6929"}],"curies":[{"name":"wp","href":"https:\/\/api.w.org\/{rel}","templated":true}]}}