{"id":7146,"date":"2019-01-07T09:00:12","date_gmt":"2019-01-07T08:00:12","guid":{"rendered":"https:\/\/firagran.com\/?p=7146"},"modified":"2018-12-27T13:40:08","modified_gmt":"2018-12-27T12:40:08","slug":"7146","status":"publish","type":"post","link":"https:\/\/firagran.com\/es\/7146\/","title":{"rendered":"Los vecinos del Culubret se movilizan para denunciar los cortes de luz"},"content":{"rendered":"<p>Los afectados denuncian la situaci\u00f3n que viven desde hace a\u00f1os y reclaman soluciones a las administraciones competentes<\/p>\n<p>Los vecinos del barrio del Culubret de Figueres dicen basta y han decidido movilizarse para denunciar los cortes de luz que sufren desde hace tiempo. En los \u00faltimos meses la situaci\u00f3n se ha acentuado y han sufrido interrupciones en el suministro el\u00e9ctrico pr\u00e1cticamente cada d\u00eda.<\/p>\n<p>Los afectados reclaman soluciones a las administraciones y por ello har\u00e1n una marcha el pr\u00f3ximo 12 de enero de diez a doce del mediod\u00eda. La marcha saldr\u00e1 del barrio e ir\u00e1 hasta el Ayuntamiento, pasando por varias calles. Los afectados reclaman \u00abmano dura\u00bb por parte del Ayuntamiento, la Generalitat y Justicia.<\/p>\n<p>Los vecinos del Culubret hace tres a\u00f1os que conviven con los cortes de luz en el barrio y ahora han decidido movilizarse. El problema afecta muy especialmente los ancianos y aquellos que necesitan aparatos el\u00e9ctricos por problemas de salud o para calentarse. Adem\u00e1s, denuncian inseguridad y amenazas por parte de aquellos que se conectan de manera fraudulenta en la red.<\/p>\n<p><strong>Fuente: <\/strong>diaridegirona.cat<\/p>\n<p><strong>Leer m\u00e1s: <\/strong><a href=\"https:\/\/translate.google.es\/translate?hl=es&amp;sl=ca&amp;u=https:\/\/www.diaridegirona.cat\/alt-emporda\/2018\/12\/15\/veins-del-culubret-mobilitzen-denunciar\/951869.html&amp;prev=search\">https:\/\/translate.google.es\/translate?hl=es&amp;sl=ca&amp;u=https:\/\/www.diaridegirona.cat\/alt-emporda\/2018\/12\/15\/veins-del-culubret-mobilitzen-denunciar\/951869.html&amp;prev=search<\/a><\/p>\n","protected":false},"excerpt":{"rendered":"<p>Los afectados denuncian la situaci\u00f3n que viven desde hace a\u00f1os y reclaman soluciones a las administraciones competentes Los vecinos del barrio del Culubret de Figueres dicen basta y han decidido movilizarse para denunciar los cortes <a href=\"https:\/\/firagran.com\/es\/7146\/\"> [&#8230;]<\/a><\/p>\n","protected":false},"author":1,"featured_media":7147,"comment_status":"closed","ping_status":"closed","sticky":false,"template":"","format":"standard","meta":{"footnotes":""},"categories":[69],"tags":[],"class_list":["post-7146","post","type-post","status-publish","format-standard","has-post-thumbnail","hentry","category-consumo-y-seguridad"],"_links":{"self":[{"href":"https:\/\/firagran.com\/es\/wp-json\/wp\/v2\/posts\/7146","targetHints":{"allow":["GET"]}}],"collection":[{"href":"https:\/\/firagran.com\/es\/wp-json\/wp\/v2\/posts"}],"about":[{"href":"https:\/\/firagran.com\/es\/wp-json\/wp\/v2\/types\/post"}],"author":[{"embeddable":true,"href":"https:\/\/firagran.com\/es\/wp-json\/wp\/v2\/users\/1"}],"replies":[{"embeddable":true,"href":"https:\/\/firagran.com\/es\/wp-json\/wp\/v2\/comments?post=7146"}],"version-history":[{"count":2,"href":"https:\/\/firagran.com\/es\/wp-json\/wp\/v2\/posts\/7146\/revisions"}],"predecessor-version":[{"id":7150,"href":"https:\/\/firagran.com\/es\/wp-json\/wp\/v2\/posts\/7146\/revisions\/7150"}],"wp:featuredmedia":[{"embeddable":true,"href":"https:\/\/firagran.com\/es\/wp-json\/wp\/v2\/media\/7147"}],"wp:attachment":[{"href":"https:\/\/firagran.com\/es\/wp-json\/wp\/v2\/media?parent=7146"}],"wp:term":[{"taxonomy":"category","embeddable":true,"href":"https:\/\/firagran.com\/es\/wp-json\/wp\/v2\/categories?post=7146"},{"taxonomy":"post_tag","embeddable":true,"href":"https:\/\/firagran.com\/es\/wp-json\/wp\/v2\/tags?post=7146"}],"curies":[{"name":"wp","href":"https:\/\/api.w.org\/{rel}","templated":true}]}}