{"id":7257,"date":"2019-01-23T09:00:53","date_gmt":"2019-01-23T08:00:53","guid":{"rendered":"https:\/\/firagran.com\/?p=7257"},"modified":"2019-01-15T16:38:19","modified_gmt":"2019-01-15T15:38:19","slug":"plan-para-poder-mejorar-la-atencion-a-las-personas-mayores-y-los-cuidadores","status":"publish","type":"post","link":"https:\/\/firagran.com\/es\/plan-para-poder-mejorar-la-atencion-a-las-personas-mayores-y-los-cuidadores\/","title":{"rendered":"Plan para poder mejorar la atenci\u00f3n a las personas mayores y los cuidadores"},"content":{"rendered":"<p>La Generalitat subir\u00e1 las tarifas de residencias y centros de d\u00eda<\/p>\n<p>La Generalitat acord\u00f3 ayer redactar en los pr\u00f3ximos seis meses un plan de actuaci\u00f3n para poder mejorar la atenci\u00f3n a las personas mayores y sus cuidadores, dando respuesta as\u00ed a las quejas de los sindicatos y entidades del sector de la geriatr\u00eda, que hace a\u00f1os que denuncian la &#8220;precariedad&#8221; de los trabajadores de las residencias y tambi\u00e9n de los centros de d\u00eda. Durante la reuni\u00f3n con el consejero de Asuntos Sociales, Chakir el Homrani, la patronal y los sindicatos exigieron &#8220;dignificar un sector en el que predominan los sueldos bajos [una media de 800 euros netos por jornada completa] y hay una falta de personal insostenible &#8220;. Para compensar la falta de material y de profesionales, propusieron invertir 300 millones de euros en un periodo de tres a\u00f1os, despu\u00e9s de 10 a\u00f1os de tarifas p\u00fablicas pr\u00e1cticamente congeladas. Ante estas demandas, la Generalitat elaborar\u00e1 un documento que incluir\u00e1 todos aquellos aspectos que puedan mejorar los servicios de las residencias y los centros de d\u00eda, tanto de los usuarios como de los trabajadores.<\/p>\n<p><strong>Fuente: <\/strong>segre.com<\/p>\n<p><strong>Leer m\u00e1s: <\/strong><a href=\"https:\/\/translate.google.es\/translatehl=es&amp;sl=ca&amp;u=https:\/\/www.segre.com\/noticies\/guia\/2019\/01\/10\/pla_per_poder_millorar_atencio_les_persones_grans_als_cuidadors_65280_1111.html&amp;prev=search\">https:\/\/translate.google.es\/translatehl=es&amp;sl=ca&amp;u=https:\/\/www.segre.com\/noticies\/guia\/2019\/01\/10\/pla_per_poder_millorar_atencio_les_persones_grans_als_cuidadors_65280_1111.html&amp;prev=search<\/a><\/p>\n<p>&nbsp;<\/p>\n","protected":false},"excerpt":{"rendered":"<p>La Generalitat subir\u00e1 las tarifas de residencias y centros de d\u00eda La Generalitat acord\u00f3 ayer redactar en los pr\u00f3ximos seis meses un plan de actuaci\u00f3n para poder mejorar la atenci\u00f3n a las personas mayores y <a href=\"https:\/\/firagran.com\/es\/plan-para-poder-mejorar-la-atencion-a-las-personas-mayores-y-los-cuidadores\/\"> [&#8230;]<\/a><\/p>\n","protected":false},"author":1,"featured_media":7254,"comment_status":"closed","ping_status":"closed","sticky":false,"template":"","format":"standard","meta":{"footnotes":""},"categories":[71],"tags":[],"class_list":["post-7257","post","type-post","status-publish","format-standard","has-post-thumbnail","hentry","category-dependencia-es"],"_links":{"self":[{"href":"https:\/\/firagran.com\/es\/wp-json\/wp\/v2\/posts\/7257","targetHints":{"allow":["GET"]}}],"collection":[{"href":"https:\/\/firagran.com\/es\/wp-json\/wp\/v2\/posts"}],"about":[{"href":"https:\/\/firagran.com\/es\/wp-json\/wp\/v2\/types\/post"}],"author":[{"embeddable":true,"href":"https:\/\/firagran.com\/es\/wp-json\/wp\/v2\/users\/1"}],"replies":[{"embeddable":true,"href":"https:\/\/firagran.com\/es\/wp-json\/wp\/v2\/comments?post=7257"}],"version-history":[{"count":1,"href":"https:\/\/firagran.com\/es\/wp-json\/wp\/v2\/posts\/7257\/revisions"}],"predecessor-version":[{"id":7258,"href":"https:\/\/firagran.com\/es\/wp-json\/wp\/v2\/posts\/7257\/revisions\/7258"}],"wp:featuredmedia":[{"embeddable":true,"href":"https:\/\/firagran.com\/es\/wp-json\/wp\/v2\/media\/7254"}],"wp:attachment":[{"href":"https:\/\/firagran.com\/es\/wp-json\/wp\/v2\/media?parent=7257"}],"wp:term":[{"taxonomy":"category","embeddable":true,"href":"https:\/\/firagran.com\/es\/wp-json\/wp\/v2\/categories?post=7257"},{"taxonomy":"post_tag","embeddable":true,"href":"https:\/\/firagran.com\/es\/wp-json\/wp\/v2\/tags?post=7257"}],"curies":[{"name":"wp","href":"https:\/\/api.w.org\/{rel}","templated":true}]}}