{"id":7270,"date":"2019-01-25T09:00:45","date_gmt":"2019-01-25T08:00:45","guid":{"rendered":"https:\/\/firagran.com\/?p=7270"},"modified":"2019-01-15T17:50:50","modified_gmt":"2019-01-15T16:50:50","slug":"tarrega-desarrolla-un-taller-de-logopedia-para-personas-mayores","status":"publish","type":"post","link":"https:\/\/firagran.com\/es\/tarrega-desarrolla-un-taller-de-logopedia-para-personas-mayores\/","title":{"rendered":"T\u00e0rrega desarrolla un taller de logopedia para personas mayores"},"content":{"rendered":"<p>Actividad de NeuroLleida (servicio de la entidad ASPID) y la Concejal\u00eda de Promoci\u00f3n de la Salud con el apoyo de la Diputaci\u00f3n de Lleida<\/p>\n<p>La entidad NeuroLleida y la Concejal\u00eda de Promoci\u00f3n de la Salud de T\u00e0rrega desarrollan un taller de logopedia neurol\u00f3gica a la Residencia de Mayores San Antonio de la capital del Urgell. La actividad se dirige a personas residentes con trastornos del habla o problemas en la degluci\u00f3n debido a ictus, traumatismos craneoencef\u00e1licos o enfermedades neurodegenerativas. Las afecciones pueden empeorar con el tiempo y a menudo limitan de manera significativa la autonom\u00eda y la capacidad de comunicaci\u00f3n. Para paliar estos efectos, las personas que participan en el taller realizan ejercicios de musculatura facial y orofacial implicada en el habla, la masticaci\u00f3n y la degluci\u00f3n. Tambi\u00e9n mejoran las funciones del habla con ejercicios de respiraci\u00f3n, coordinaci\u00f3n fonorrespiratoria, fonaci\u00f3n, prosodia y articulaci\u00f3n.<\/p>\n<p><strong>Fuente: <\/strong>lleidadiari.cat<\/p>\n<p><strong>Leer m\u00e1s: <\/strong><a href=\"https:\/\/translate.google.es\/translate?hl=es&amp;sl=ca&amp;u=https:\/\/lleidadiari.cat\/comarques\/tarrega-desenvolupa-taller-logopedia-gent-gran&amp;prev=search\">https:\/\/translate.google.es\/translate?hl=es&amp;sl=ca&amp;u=https:\/\/lleidadiari.cat\/comarques\/tarrega-desenvolupa-taller-logopedia-gent-gran&amp;prev=search<\/a><\/p>\n","protected":false},"excerpt":{"rendered":"<p>Actividad de NeuroLleida (servicio de la entidad ASPID) y la Concejal\u00eda de Promoci\u00f3n de la Salud con el apoyo de la Diputaci\u00f3n de Lleida La entidad NeuroLleida y la Concejal\u00eda de Promoci\u00f3n de la Salud <a href=\"https:\/\/firagran.com\/es\/tarrega-desarrolla-un-taller-de-logopedia-para-personas-mayores\/\"> [&#8230;]<\/a><\/p>\n","protected":false},"author":1,"featured_media":7268,"comment_status":"closed","ping_status":"closed","sticky":false,"template":"","format":"standard","meta":{"footnotes":""},"categories":[81],"tags":[],"class_list":["post-7270","post","type-post","status-publish","format-standard","has-post-thumbnail","hentry","category-habitos-saludables"],"_links":{"self":[{"href":"https:\/\/firagran.com\/es\/wp-json\/wp\/v2\/posts\/7270","targetHints":{"allow":["GET"]}}],"collection":[{"href":"https:\/\/firagran.com\/es\/wp-json\/wp\/v2\/posts"}],"about":[{"href":"https:\/\/firagran.com\/es\/wp-json\/wp\/v2\/types\/post"}],"author":[{"embeddable":true,"href":"https:\/\/firagran.com\/es\/wp-json\/wp\/v2\/users\/1"}],"replies":[{"embeddable":true,"href":"https:\/\/firagran.com\/es\/wp-json\/wp\/v2\/comments?post=7270"}],"version-history":[{"count":3,"href":"https:\/\/firagran.com\/es\/wp-json\/wp\/v2\/posts\/7270\/revisions"}],"predecessor-version":[{"id":7273,"href":"https:\/\/firagran.com\/es\/wp-json\/wp\/v2\/posts\/7270\/revisions\/7273"}],"wp:featuredmedia":[{"embeddable":true,"href":"https:\/\/firagran.com\/es\/wp-json\/wp\/v2\/media\/7268"}],"wp:attachment":[{"href":"https:\/\/firagran.com\/es\/wp-json\/wp\/v2\/media?parent=7270"}],"wp:term":[{"taxonomy":"category","embeddable":true,"href":"https:\/\/firagran.com\/es\/wp-json\/wp\/v2\/categories?post=7270"},{"taxonomy":"post_tag","embeddable":true,"href":"https:\/\/firagran.com\/es\/wp-json\/wp\/v2\/tags?post=7270"}],"curies":[{"name":"wp","href":"https:\/\/api.w.org\/{rel}","templated":true}]}}