{"id":7369,"date":"2019-02-12T09:00:14","date_gmt":"2019-02-12T08:00:14","guid":{"rendered":"https:\/\/firagran.com\/?p=7369"},"modified":"2019-02-04T18:06:30","modified_gmt":"2019-02-04T17:06:30","slug":"la-necesidad-de-un-plan-de-residencias-publicas","status":"publish","type":"post","link":"https:\/\/firagran.com\/es\/la-necesidad-de-un-plan-de-residencias-publicas\/","title":{"rendered":"La necesidad de un plan de residencias p\u00fablicas"},"content":{"rendered":"\n<p>El\nalargamiento de la esperanza de vida obliga a impulsar un nuevo pacto social\npara la gente mayor<\/p>\n\n\n\n<p>El\ndepartamento de Trabajo, Asuntos Sociales y Familias hizo p\u00fablicas ayer dos\ncifras estremecedoras. La primera es que 11.194 personas que hab\u00edan solicitado\nayudas a la dependencia murieron entre 2013 y el 2017 sin llegar nunca a\nrecibirlas. Y la segunda es que actualmente hay 18.438 personas mayores en\nlista de espera para acceder a una plaza de residencia p\u00fablica. Se trata de dos\ncifras que retratan muy bien la precariedad de nuestro estado del bienestar con\nrespecto a las personas mayores, y que nos obligan a reflexionar como sociedad\nya hacer que las autoridades rectoras del pa\u00eds lleven a cabo una en\u00e9rgica\nacci\u00f3n pol\u00edtica. Porque la ley inexorable de la demograf\u00eda nos acerca a un\nabismo que muchas familias ya est\u00e1n empezando a notar.<\/p>\n\n\n\n<p><strong>Fuente: <\/strong>ara.cat<\/p>\n\n\n\n<p><strong>Fotograf\u00eda: <\/strong>Imagen de archivo de una residencia para ancianos. David Borrat<\/p>\n\n\n\n<p><strong>Leer m\u00e1s: <\/strong><a href=\"https:\/\/translate.google.es\/translate?hl=es&amp;sl=ca&amp;u=https:\/\/www.ara.cat\/editorial\/necessitat-pla-residencies-publiques-editorial-ara_0_2171183109.html&amp;prev=search \">https:\/\/translate.google.es\/translate?hl=es&amp;sl=ca&amp;u=https:\/\/www.ara.cat\/editorial\/necessitat-pla-residencies-publiques-editorial-ara_0_2171183109.html&amp;prev=search <\/a><\/p>\n","protected":false},"excerpt":{"rendered":"<p>El alargamiento de la esperanza de vida obliga a impulsar un nuevo pacto social para la gente mayor El departamento de Trabajo, Asuntos Sociales y Familias hizo p\u00fablicas ayer dos cifras estremecedoras. La primera es <a href=\"https:\/\/firagran.com\/es\/la-necesidad-de-un-plan-de-residencias-publicas\/\"> [&#8230;]<\/a><\/p>\n","protected":false},"author":1,"featured_media":7364,"comment_status":"closed","ping_status":"closed","sticky":false,"template":"","format":"standard","meta":{"footnotes":""},"categories":[89],"tags":[],"class_list":["post-7369","post","type-post","status-publish","format-standard","has-post-thumbnail","hentry","category-temas-legales"],"_links":{"self":[{"href":"https:\/\/firagran.com\/es\/wp-json\/wp\/v2\/posts\/7369","targetHints":{"allow":["GET"]}}],"collection":[{"href":"https:\/\/firagran.com\/es\/wp-json\/wp\/v2\/posts"}],"about":[{"href":"https:\/\/firagran.com\/es\/wp-json\/wp\/v2\/types\/post"}],"author":[{"embeddable":true,"href":"https:\/\/firagran.com\/es\/wp-json\/wp\/v2\/users\/1"}],"replies":[{"embeddable":true,"href":"https:\/\/firagran.com\/es\/wp-json\/wp\/v2\/comments?post=7369"}],"version-history":[{"count":1,"href":"https:\/\/firagran.com\/es\/wp-json\/wp\/v2\/posts\/7369\/revisions"}],"predecessor-version":[{"id":7370,"href":"https:\/\/firagran.com\/es\/wp-json\/wp\/v2\/posts\/7369\/revisions\/7370"}],"wp:featuredmedia":[{"embeddable":true,"href":"https:\/\/firagran.com\/es\/wp-json\/wp\/v2\/media\/7364"}],"wp:attachment":[{"href":"https:\/\/firagran.com\/es\/wp-json\/wp\/v2\/media?parent=7369"}],"wp:term":[{"taxonomy":"category","embeddable":true,"href":"https:\/\/firagran.com\/es\/wp-json\/wp\/v2\/categories?post=7369"},{"taxonomy":"post_tag","embeddable":true,"href":"https:\/\/firagran.com\/es\/wp-json\/wp\/v2\/tags?post=7369"}],"curies":[{"name":"wp","href":"https:\/\/api.w.org\/{rel}","templated":true}]}}