{"id":7724,"date":"2019-04-09T08:30:59","date_gmt":"2019-04-09T06:30:59","guid":{"rendered":"https:\/\/firagran.com\/?p=7724"},"modified":"2019-04-08T11:37:03","modified_gmt":"2019-04-08T09:37:03","slug":"obras-del-nuevo-centro-de-servicios-para-la-gente-mayor-de-aitona","status":"publish","type":"post","link":"https:\/\/firagran.com\/es\/obras-del-nuevo-centro-de-servicios-para-la-gente-mayor-de-aitona\/","title":{"rendered":"Obras del nuevo Centro de Servicios para la gente mayor de Aitona"},"content":{"rendered":"<p>Este mes de marzo el Ayuntamiento de Aitona ha dado el pistoletazo de salida a las obras del nuevo Centro de Servicios para la gente mayor, que permitir\u00e1 al consistorio ofrecer a los vecinos y vecinas de m\u00e1s edad del municipio un servicio de atenci\u00f3n y asistencia integral.<\/p>\n<p>Fuente: Segre.com<\/p>\n<p>Leer m\u00e1s: <a href=\"https:\/\/translate.google.es\/translate?hl=es&amp;sl=ca&amp;u=https:\/\/www.segre.com\/noticies\/comarques\/2019\/03\/27\/obres_del_nou_centre_serveis_per_gent_gran_aitona_71867_1091.html&amp;prev=search\">https:\/\/translate.google.es\/translate?hl=es&amp;sl=ca&amp;u=https:\/\/www.segre.com\/noticies\/comarques\/2019\/03\/27\/obres_del_nou_centre_serveis_per_gent_gran_aitona_71867_1091.html&amp;prev=search<\/a><\/p>\n","protected":false},"excerpt":{"rendered":"<p>Este mes de marzo el Ayuntamiento de Aitona ha dado el pistoletazo de salida a las obras del nuevo Centro de Servicios para la gente mayor, que permitir\u00e1 al consistorio ofrecer a los vecinos y <a href=\"https:\/\/firagran.com\/es\/obras-del-nuevo-centro-de-servicios-para-la-gente-mayor-de-aitona\/\"> [&#8230;]<\/a><\/p>\n","protected":false},"author":2,"featured_media":7712,"comment_status":"closed","ping_status":"closed","sticky":false,"template":"","format":"standard","meta":{"footnotes":""},"categories":[28],"tags":[],"class_list":["post-7724","post","type-post","status-publish","format-standard","has-post-thumbnail","hentry","category-general-es"],"_links":{"self":[{"href":"https:\/\/firagran.com\/es\/wp-json\/wp\/v2\/posts\/7724","targetHints":{"allow":["GET"]}}],"collection":[{"href":"https:\/\/firagran.com\/es\/wp-json\/wp\/v2\/posts"}],"about":[{"href":"https:\/\/firagran.com\/es\/wp-json\/wp\/v2\/types\/post"}],"author":[{"embeddable":true,"href":"https:\/\/firagran.com\/es\/wp-json\/wp\/v2\/users\/2"}],"replies":[{"embeddable":true,"href":"https:\/\/firagran.com\/es\/wp-json\/wp\/v2\/comments?post=7724"}],"version-history":[{"count":1,"href":"https:\/\/firagran.com\/es\/wp-json\/wp\/v2\/posts\/7724\/revisions"}],"predecessor-version":[{"id":7725,"href":"https:\/\/firagran.com\/es\/wp-json\/wp\/v2\/posts\/7724\/revisions\/7725"}],"wp:featuredmedia":[{"embeddable":true,"href":"https:\/\/firagran.com\/es\/wp-json\/wp\/v2\/media\/7712"}],"wp:attachment":[{"href":"https:\/\/firagran.com\/es\/wp-json\/wp\/v2\/media?parent=7724"}],"wp:term":[{"taxonomy":"category","embeddable":true,"href":"https:\/\/firagran.com\/es\/wp-json\/wp\/v2\/categories?post=7724"},{"taxonomy":"post_tag","embeddable":true,"href":"https:\/\/firagran.com\/es\/wp-json\/wp\/v2\/tags?post=7724"}],"curies":[{"name":"wp","href":"https:\/\/api.w.org\/{rel}","templated":true}]}}