{"id":7726,"date":"2019-04-10T08:30:55","date_gmt":"2019-04-10T06:30:55","guid":{"rendered":"https:\/\/firagran.com\/?p=7726"},"modified":"2019-04-08T11:40:23","modified_gmt":"2019-04-08T09:40:23","slug":"la-formacion-a-personas-mayores-clave-para-afrontar-el-envejecimiento","status":"publish","type":"post","link":"https:\/\/firagran.com\/es\/la-formacion-a-personas-mayores-clave-para-afrontar-el-envejecimiento\/","title":{"rendered":"La formaci\u00f3n a personas mayores, clave para afrontar el envejecimiento"},"content":{"rendered":"<p>La\u00a0poblaci\u00f3n de 65 y m\u00e1s a\u00f1os\u00a0supondr\u00eda el 25,2% del total en el a\u00f1o 2033, seg\u00fan el Instituto Nacional de Estad\u00edstica. Para\u00a0afrontar el envejecimiento\u00a0m\u00e1s saludablemente, la formaci\u00f3n a personas mayores resulta clave y a d\u00eda de hoy es insuficiente. \u201cDesde las consultas de atenci\u00f3n primaria se hacen recomendaciones, desde el ayuntamiento y otras entidades se hacen charlas, pero a\u00fan as\u00ed pensamos que la informaci\u00f3n no llega bien ni a bastante gente\u201d, apunta Maria Bartolom\u00e9, profesora del\u00a0<a href=\"https:\/\/www.tecnocampus.cat\/es\/master\/atencion-integrada-cronicidad-envejecimiento\/presentacion\" data-gtm-element=\"container-child-link\">M\u00e1ster en Atenci\u00f3n Integrada en la Cronicidad y el Envejecimiento<\/a>\u00a0del TecnoCampus y directora de ABS(\u00c1rea B\u00e1sica de Salud) Matar\u00f3 Centre.<\/p>\n<p>Fuente: lavanguardia.com<\/p>\n<p>Leer m\u00e1s: <a href=\"https:\/\/www.lavanguardia.com\/economia\/innovacion\/20190401\/461316395409\/formacion-personas-mayores-clave-afrontar-envejecimiento.html?utm_campaign=botones_sociales_app&amp;utm_source=whatsapp&amp;utm_medium=social\">https:\/\/www.lavanguardia.com\/economia\/innovacion\/20190401\/461316395409\/formacion-personas-mayores-clave-afrontar-envejecimiento.html?utm_campaign=botones_sociales_app&amp;utm_source=whatsapp&amp;utm_medium=social<\/a><\/p>\n","protected":false},"excerpt":{"rendered":"<p>La\u00a0poblaci\u00f3n de 65 y m\u00e1s a\u00f1os\u00a0supondr\u00eda el 25,2% del total en el a\u00f1o 2033, seg\u00fan el Instituto Nacional de Estad\u00edstica. Para\u00a0afrontar el envejecimiento\u00a0m\u00e1s saludablemente, la formaci\u00f3n a personas mayores resulta clave y a d\u00eda de <a href=\"https:\/\/firagran.com\/es\/la-formacion-a-personas-mayores-clave-para-afrontar-el-envejecimiento\/\"> [&#8230;]<\/a><\/p>\n","protected":false},"author":2,"featured_media":7714,"comment_status":"closed","ping_status":"closed","sticky":false,"template":"","format":"standard","meta":{"footnotes":""},"categories":[75,78],"tags":[],"class_list":["post-7726","post","type-post","status-publish","format-standard","has-post-thumbnail","hentry","category-envejecimiento-activo","category-formacion"],"_links":{"self":[{"href":"https:\/\/firagran.com\/es\/wp-json\/wp\/v2\/posts\/7726","targetHints":{"allow":["GET"]}}],"collection":[{"href":"https:\/\/firagran.com\/es\/wp-json\/wp\/v2\/posts"}],"about":[{"href":"https:\/\/firagran.com\/es\/wp-json\/wp\/v2\/types\/post"}],"author":[{"embeddable":true,"href":"https:\/\/firagran.com\/es\/wp-json\/wp\/v2\/users\/2"}],"replies":[{"embeddable":true,"href":"https:\/\/firagran.com\/es\/wp-json\/wp\/v2\/comments?post=7726"}],"version-history":[{"count":1,"href":"https:\/\/firagran.com\/es\/wp-json\/wp\/v2\/posts\/7726\/revisions"}],"predecessor-version":[{"id":7727,"href":"https:\/\/firagran.com\/es\/wp-json\/wp\/v2\/posts\/7726\/revisions\/7727"}],"wp:featuredmedia":[{"embeddable":true,"href":"https:\/\/firagran.com\/es\/wp-json\/wp\/v2\/media\/7714"}],"wp:attachment":[{"href":"https:\/\/firagran.com\/es\/wp-json\/wp\/v2\/media?parent=7726"}],"wp:term":[{"taxonomy":"category","embeddable":true,"href":"https:\/\/firagran.com\/es\/wp-json\/wp\/v2\/categories?post=7726"},{"taxonomy":"post_tag","embeddable":true,"href":"https:\/\/firagran.com\/es\/wp-json\/wp\/v2\/tags?post=7726"}],"curies":[{"name":"wp","href":"https:\/\/api.w.org\/{rel}","templated":true}]}}