{"id":7776,"date":"2019-04-18T09:09:25","date_gmt":"2019-04-18T07:09:25","guid":{"rendered":"https:\/\/firagran.com\/?p=7776"},"modified":"2019-04-17T11:11:34","modified_gmt":"2019-04-17T09:11:34","slug":"ayuntamiento-y-generalitat-conversan-para-construir-una-residencia-de-abuelos-de-90-plazas","status":"publish","type":"post","link":"https:\/\/firagran.com\/es\/ayuntamiento-y-generalitat-conversan-para-construir-una-residencia-de-abuelos-de-90-plazas\/","title":{"rendered":"Ayuntamiento y Generalitat conversan para construir una residencia de abuelos de 90 plazas"},"content":{"rendered":"<p>El Ayuntamiento de Manresa y la Generalitat han iniciado contactos para impulsar una residencia de abuelos municipal. Seg\u00fan ha podido saber Regi\u00f3n7, tendr\u00eda 90 plazas. 60 ser\u00edan p\u00fablicas y el resto, privadas. Una de las posibilidades que se valoran es que se construyera a trav\u00e9s de un concurso p\u00fablico y se hiciera cargo de las obras una entidad privada. Asumir\u00eda la gesti\u00f3n de la residencia durante un periodo de 50 a\u00f1os. Para incentivar la participaci\u00f3n en el proyecto se incluyen las 30 plazas privadas. Aun as\u00ed la titularidad de la equipaci\u00f3n ser\u00eda municipal.<\/p>\n<p><strong>Fuente: <\/strong>regio7.cat<\/p>\n<p>Leer m\u00e1s: <a href=\"https:\/\/translate.google.es\/translate?hl=es&amp;sl=ca&amp;u=https:\/\/www.regio7.cat\/manresa\/2019\/04\/02\/ajuntament-generalitat-conversen-construir\/536186.html&amp;prev=search\">https:\/\/translate.google.es\/translate?hl=es&amp;sl=ca&amp;u=https:\/\/www.regio7.cat\/manresa\/2019\/04\/02\/ajuntament-generalitat-conversen-construir\/536186.html&amp;prev=search<\/a><\/p>\n","protected":false},"excerpt":{"rendered":"<p>El Ayuntamiento de Manresa y la Generalitat han iniciado contactos para impulsar una residencia de abuelos municipal. Seg\u00fan ha podido saber Regi\u00f3n7, tendr\u00eda 90 plazas. 60 ser\u00edan p\u00fablicas y el resto, privadas. Una de las <a href=\"https:\/\/firagran.com\/es\/ayuntamiento-y-generalitat-conversan-para-construir-una-residencia-de-abuelos-de-90-plazas\/\"> [&#8230;]<\/a><\/p>\n","protected":false},"author":2,"featured_media":7777,"comment_status":"closed","ping_status":"closed","sticky":false,"template":"","format":"standard","meta":{"footnotes":""},"categories":[71],"tags":[],"class_list":["post-7776","post","type-post","status-publish","format-standard","has-post-thumbnail","hentry","category-dependencia-es"],"_links":{"self":[{"href":"https:\/\/firagran.com\/es\/wp-json\/wp\/v2\/posts\/7776","targetHints":{"allow":["GET"]}}],"collection":[{"href":"https:\/\/firagran.com\/es\/wp-json\/wp\/v2\/posts"}],"about":[{"href":"https:\/\/firagran.com\/es\/wp-json\/wp\/v2\/types\/post"}],"author":[{"embeddable":true,"href":"https:\/\/firagran.com\/es\/wp-json\/wp\/v2\/users\/2"}],"replies":[{"embeddable":true,"href":"https:\/\/firagran.com\/es\/wp-json\/wp\/v2\/comments?post=7776"}],"version-history":[{"count":1,"href":"https:\/\/firagran.com\/es\/wp-json\/wp\/v2\/posts\/7776\/revisions"}],"predecessor-version":[{"id":7779,"href":"https:\/\/firagran.com\/es\/wp-json\/wp\/v2\/posts\/7776\/revisions\/7779"}],"wp:featuredmedia":[{"embeddable":true,"href":"https:\/\/firagran.com\/es\/wp-json\/wp\/v2\/media\/7777"}],"wp:attachment":[{"href":"https:\/\/firagran.com\/es\/wp-json\/wp\/v2\/media?parent=7776"}],"wp:term":[{"taxonomy":"category","embeddable":true,"href":"https:\/\/firagran.com\/es\/wp-json\/wp\/v2\/categories?post=7776"},{"taxonomy":"post_tag","embeddable":true,"href":"https:\/\/firagran.com\/es\/wp-json\/wp\/v2\/tags?post=7776"}],"curies":[{"name":"wp","href":"https:\/\/api.w.org\/{rel}","templated":true}]}}