{"id":7897,"date":"2019-05-13T09:00:30","date_gmt":"2019-05-13T07:00:30","guid":{"rendered":"https:\/\/firagran.com\/?p=7897"},"modified":"2019-05-06T10:28:02","modified_gmt":"2019-05-06T08:28:02","slug":"yayoi-kusama-la-reina-de-instagram","status":"publish","type":"post","link":"https:\/\/firagran.com\/es\/yayoi-kusama-la-reina-de-instagram\/","title":{"rendered":"Yayoi Kusama, la reina de Instagram"},"content":{"rendered":"<p><strong>La artista japonesa cumple 90 a\u00f1os convertida en icono mundial<\/strong><\/p>\n<p>A sus noventa a\u00f1os, que cumpli\u00f3 el pasado mes de marzo, Yayoi Kusama ha estado y est\u00e1 en primera l\u00ednea de las vanguardias art\u00edsticas, en el que produce el minimalismo, la psicodelia, el pop art, las esculturas blandas, los happenings y, por \u00faltimo, las performances feministas y antibelicistas. Sin embargo, est\u00e1 internada desde 1977 en un hospital psiqui\u00e1trico por voluntad propia, por lo que cada d\u00eda sale de ah\u00ed para producir su exc\u00e9ntrico arte. As\u00ed pues, Kusama ha convertido el arte en una especie de terapia \u2013\u201cMe ha salvado la vida\u201d, ha declarado a menudo\u2013 para dejar que su mente pinte lo que ve y se exprese \u00adlibre, escuchando, s\u00ed, a flores y calabazas ya con el reconocimiento y el aval de ser la artista viva m\u00e1s cotizada, y de que en los \u00faltimos cinco a\u00f1os m\u00e1s de cinco millones de personas hayan hecho largas colas en todo el mundo para disfrutar s\u00f3lo unos minutos de sus obras.<\/p>\n<p>&nbsp;<\/p>\n<p>Fuente: La Vanguardia<\/p>\n<p>Leer m\u00e1s: <a href=\"https:\/\/www.lavanguardia.com\/facebook-ia\/20190505\/461997966894\/yayoi-kusama-la-reina-de-instagram.html?utm_campaign=botones_sociales_app&amp;utm_source=whatsapp&amp;utm_medium=social\">https:\/\/www.lavanguardia.com\/facebook-ia\/20190505\/461997966894\/yayoi-kusama-la-reina-de-instagram.html?utm_campaign=botones_sociales_app&amp;utm_source=whatsapp&amp;utm_medium=social<\/a><\/p>\n<p>&nbsp;<\/p>\n","protected":false},"excerpt":{"rendered":"<p>La artista japonesa cumple 90 a\u00f1os convertida en icono mundial A sus noventa a\u00f1os, que cumpli\u00f3 el pasado mes de marzo, Yayoi Kusama ha estado y est\u00e1 en primera l\u00ednea de las vanguardias art\u00edsticas, en <a href=\"https:\/\/firagran.com\/es\/yayoi-kusama-la-reina-de-instagram\/\"> [&#8230;]<\/a><\/p>\n","protected":false},"author":2,"featured_media":7895,"comment_status":"closed","ping_status":"closed","sticky":false,"template":"","format":"standard","meta":{"footnotes":""},"categories":[75],"tags":[],"class_list":["post-7897","post","type-post","status-publish","format-standard","has-post-thumbnail","hentry","category-envejecimiento-activo"],"_links":{"self":[{"href":"https:\/\/firagran.com\/es\/wp-json\/wp\/v2\/posts\/7897","targetHints":{"allow":["GET"]}}],"collection":[{"href":"https:\/\/firagran.com\/es\/wp-json\/wp\/v2\/posts"}],"about":[{"href":"https:\/\/firagran.com\/es\/wp-json\/wp\/v2\/types\/post"}],"author":[{"embeddable":true,"href":"https:\/\/firagran.com\/es\/wp-json\/wp\/v2\/users\/2"}],"replies":[{"embeddable":true,"href":"https:\/\/firagran.com\/es\/wp-json\/wp\/v2\/comments?post=7897"}],"version-history":[{"count":1,"href":"https:\/\/firagran.com\/es\/wp-json\/wp\/v2\/posts\/7897\/revisions"}],"predecessor-version":[{"id":7898,"href":"https:\/\/firagran.com\/es\/wp-json\/wp\/v2\/posts\/7897\/revisions\/7898"}],"wp:featuredmedia":[{"embeddable":true,"href":"https:\/\/firagran.com\/es\/wp-json\/wp\/v2\/media\/7895"}],"wp:attachment":[{"href":"https:\/\/firagran.com\/es\/wp-json\/wp\/v2\/media?parent=7897"}],"wp:term":[{"taxonomy":"category","embeddable":true,"href":"https:\/\/firagran.com\/es\/wp-json\/wp\/v2\/categories?post=7897"},{"taxonomy":"post_tag","embeddable":true,"href":"https:\/\/firagran.com\/es\/wp-json\/wp\/v2\/tags?post=7897"}],"curies":[{"name":"wp","href":"https:\/\/api.w.org\/{rel}","templated":true}]}}