{"id":8039,"date":"2019-05-27T09:00:52","date_gmt":"2019-05-27T07:00:52","guid":{"rendered":"https:\/\/firagran.com\/?p=8039"},"modified":"2019-05-27T11:58:25","modified_gmt":"2019-05-27T09:58:25","slug":"mr-movilidad-reducida-la-solucion-integral-para-mejorar-la-accesibilidad-de-la-vivienda-sus-accesos-y-el-entorno","status":"publish","type":"post","link":"https:\/\/firagran.com\/es\/mr-movilidad-reducida-la-solucion-integral-para-mejorar-la-accesibilidad-de-la-vivienda-sus-accesos-y-el-entorno\/","title":{"rendered":"MR Movilidad Reducida: \u201cLa Soluci\u00f3n Integral para mejorar la accesibilidad de la Vivienda, sus Accesos y el Entorno\u201d"},"content":{"rendered":"<p>MR Movilidad Reducida inaugur\u00f3 el pasado d\u00eda 15 de enero su primer establecimiento, en la ciudad de Barcelona, especializado en la Soluci\u00f3n Integral para mejorar la accesibilidad de la Vivienda, sus Accesos y el Entorno. El nuevo establecimiento tendr\u00e1 a disposici\u00f3n de sus clientes una amplia cartera de viviendas, tanto en r\u00e9gimen de venta como de alquiler, todas ellas accesibles y adaptables, de una forma personalizada seg\u00fan las necesidades para las personas con movilidad reducida. Profesionales, con un gran conocimiento y experiencia sobre las necesidades de sus clientes, ofrecer\u00e1n un abanico de posibilidades con el objetivo de ofrecer una vivienda, c\u00f3moda y digna, para todo tipo de clientes con movilidad reducida, de cualquier edad y tengan o no una discapacidad reconocida.<\/p>\n<p>El objetivo es garantizar el acceso universal de las personas con movilidad reducida a una vivienda digna, adem\u00e1s de acompa\u00f1ar a los clientes y a sus familias en un proceso de b\u00fasqueda, que puede resultar frustrante por desconocimiento, tanto de los mismos afectados, como de los profesionales inmobiliarios. Para m\u00e1s informaci\u00f3n sobre m\u00e1s servicios, consultar la p\u00e1gina web: <a href=\"http:\/\/www.mrmovilidadreducida.com\/\">www.mrmovilidadreducida.com<\/a><\/p>\n<p>Fuente: MR Movilidad Reducida<\/p>\n","protected":false},"excerpt":{"rendered":"<p>MR Movilidad Reducida inaugur\u00f3 el pasado d\u00eda 15 de enero su primer establecimiento, en la ciudad de Barcelona, especializado en la Soluci\u00f3n Integral para mejorar la accesibilidad de la Vivienda, sus Accesos y el Entorno. <a href=\"https:\/\/firagran.com\/es\/mr-movilidad-reducida-la-solucion-integral-para-mejorar-la-accesibilidad-de-la-vivienda-sus-accesos-y-el-entorno\/\"> [&#8230;]<\/a><\/p>\n","protected":false},"author":2,"featured_media":8197,"comment_status":"closed","ping_status":"closed","sticky":false,"template":"","format":"standard","meta":{"footnotes":""},"categories":[73],"tags":[],"class_list":["post-8039","post","type-post","status-publish","format-standard","has-post-thumbnail","hentry","category-servicios-y-ayudas-publicas"],"_links":{"self":[{"href":"https:\/\/firagran.com\/es\/wp-json\/wp\/v2\/posts\/8039","targetHints":{"allow":["GET"]}}],"collection":[{"href":"https:\/\/firagran.com\/es\/wp-json\/wp\/v2\/posts"}],"about":[{"href":"https:\/\/firagran.com\/es\/wp-json\/wp\/v2\/types\/post"}],"author":[{"embeddable":true,"href":"https:\/\/firagran.com\/es\/wp-json\/wp\/v2\/users\/2"}],"replies":[{"embeddable":true,"href":"https:\/\/firagran.com\/es\/wp-json\/wp\/v2\/comments?post=8039"}],"version-history":[{"count":1,"href":"https:\/\/firagran.com\/es\/wp-json\/wp\/v2\/posts\/8039\/revisions"}],"predecessor-version":[{"id":8040,"href":"https:\/\/firagran.com\/es\/wp-json\/wp\/v2\/posts\/8039\/revisions\/8040"}],"wp:featuredmedia":[{"embeddable":true,"href":"https:\/\/firagran.com\/es\/wp-json\/wp\/v2\/media\/8197"}],"wp:attachment":[{"href":"https:\/\/firagran.com\/es\/wp-json\/wp\/v2\/media?parent=8039"}],"wp:term":[{"taxonomy":"category","embeddable":true,"href":"https:\/\/firagran.com\/es\/wp-json\/wp\/v2\/categories?post=8039"},{"taxonomy":"post_tag","embeddable":true,"href":"https:\/\/firagran.com\/es\/wp-json\/wp\/v2\/tags?post=8039"}],"curies":[{"name":"wp","href":"https:\/\/api.w.org\/{rel}","templated":true}]}}