{"id":8345,"date":"2019-06-12T09:00:38","date_gmt":"2019-06-12T07:00:38","guid":{"rendered":"https:\/\/firagran.com\/?p=8345"},"modified":"2019-06-11T09:59:08","modified_gmt":"2019-06-11T07:59:08","slug":"todo-listo-para-que-firagran-2019-el-salon-de-las-personas-mayores-de-catalun%cc%83a-abre-hoy-sus-puertas","status":"publish","type":"post","link":"https:\/\/firagran.com\/es\/todo-listo-para-que-firagran-2019-el-salon-de-las-personas-mayores-de-catalun%cc%83a-abre-hoy-sus-puertas\/","title":{"rendered":"Todo listo para que FiraGran 2019, el Salo\u0301n de las Personas Mayores de Catalun\u0303a, abre hoy sus puertas"},"content":{"rendered":"<p>Todo est\u00e1 listo para que <strong>FiraGran 2019<\/strong>, el Salo\u0301n de las Personas Mayores de Catalu\u00f1a, que alcanza su 21a edici\u00f3n, abra sus puertas del <strong>12 al 15 de junio<\/strong>, consolidado ya como un referente europeo en las ferias dedicadas a las personas mayores.<\/p>\n<p>El objetivo del sal\u00f3n, que este a\u00f1o espera recibir m\u00e1s de 30.000 visitantes, es que <strong>las <\/strong><strong>personas mayores lleven una vida activa<\/strong> y conozcan todas las novedades que se dirigen al colectivo. Y para ello, durante estos cuatro d\u00edas las Drassanes de Barcelona se convertir\u00e1n en un <strong>punto de encuentro para la gente mayor de toda Catalu\u00f1a<\/strong>, que podr\u00e1 participar de las <strong>m\u00e1s de 450 actividades gratuitas<\/strong>, entre las que destacan una gran caminata, dirigida a mayores de 60 a\u00f1os, una m\u00e1ster clase de m\u00fasica y movimiento, un encuentro sardanista y un festival de corales, en el que participar\u00e1n 30 formaciones de toda Catalu\u00f1a.<\/p>\n<p>En el sal\u00f3n tambi\u00e9n se podr\u00e1n encontrar espacios para actuaciones de canto coral, country, sevillanas, en los que participan personas mayores, recitales de poes\u00eda, espacios de manualidades, teatro, gimnasia, yoga o tai chi. Tambi\u00e9n se impartir\u00e1n <strong>conferencias, <\/strong><strong>talleres y di\u00e1logos intergeneracionales<\/strong> sobre salud, deportes, acci\u00f3n social, sexualidad, medios de comunicaci\u00f3n y final de vida, o coloquios sobre el maltrato a las personas mayores, la muerte digna o la promoci\u00f3n del envejecimiento activo.<\/p>\n<p>&nbsp;<\/p>\n<p>Fuente: Geriatricarea<\/p>\n<p>Leer m\u00e1s: <a href=\"https:\/\/geriatricarea.com\/todo-listo-para-que-firagran-2019-el-salon-de-las-personas-mayores-de-catalun\u0303a-abra-sus-puertas\/?fbclid=IwAR1nE_h0f6D2mOPRf-hWL100LGmsqlcrXMFkb6y6MrzGP26T_xnZDJMvXOM\">https:\/\/geriatricarea.com\/todo-listo-para-que-firagran-2019-el-salon-de-las-personas-mayores-de-catalun\u0303a-abra-sus-puertas\/?fbclid=IwAR1nE_h0f6D2mOPRf-hWL100LGmsqlcrXMFkb6y6MrzGP26T_xnZDJMvXOM<\/a><\/p>\n<p>&nbsp;<\/p>\n","protected":false},"excerpt":{"rendered":"<p>Todo est\u00e1 listo para que FiraGran 2019, el Salo\u0301n de las Personas Mayores de Catalu\u00f1a, que alcanza su 21a edici\u00f3n, abra sus puertas del 12 al 15 de junio, consolidado ya como un referente europeo <a href=\"https:\/\/firagran.com\/es\/todo-listo-para-que-firagran-2019-el-salon-de-las-personas-mayores-de-catalun%cc%83a-abre-hoy-sus-puertas\/\"> [&#8230;]<\/a><\/p>\n","protected":false},"author":2,"featured_media":8343,"comment_status":"closed","ping_status":"closed","sticky":false,"template":"","format":"standard","meta":{"footnotes":""},"categories":[28],"tags":[],"class_list":["post-8345","post","type-post","status-publish","format-standard","has-post-thumbnail","hentry","category-general-es"],"_links":{"self":[{"href":"https:\/\/firagran.com\/es\/wp-json\/wp\/v2\/posts\/8345","targetHints":{"allow":["GET"]}}],"collection":[{"href":"https:\/\/firagran.com\/es\/wp-json\/wp\/v2\/posts"}],"about":[{"href":"https:\/\/firagran.com\/es\/wp-json\/wp\/v2\/types\/post"}],"author":[{"embeddable":true,"href":"https:\/\/firagran.com\/es\/wp-json\/wp\/v2\/users\/2"}],"replies":[{"embeddable":true,"href":"https:\/\/firagran.com\/es\/wp-json\/wp\/v2\/comments?post=8345"}],"version-history":[{"count":1,"href":"https:\/\/firagran.com\/es\/wp-json\/wp\/v2\/posts\/8345\/revisions"}],"predecessor-version":[{"id":8346,"href":"https:\/\/firagran.com\/es\/wp-json\/wp\/v2\/posts\/8345\/revisions\/8346"}],"wp:featuredmedia":[{"embeddable":true,"href":"https:\/\/firagran.com\/es\/wp-json\/wp\/v2\/media\/8343"}],"wp:attachment":[{"href":"https:\/\/firagran.com\/es\/wp-json\/wp\/v2\/media?parent=8345"}],"wp:term":[{"taxonomy":"category","embeddable":true,"href":"https:\/\/firagran.com\/es\/wp-json\/wp\/v2\/categories?post=8345"},{"taxonomy":"post_tag","embeddable":true,"href":"https:\/\/firagran.com\/es\/wp-json\/wp\/v2\/tags?post=8345"}],"curies":[{"name":"wp","href":"https:\/\/api.w.org\/{rel}","templated":true}]}}