{"id":8405,"date":"2019-06-20T09:00:12","date_gmt":"2019-06-20T07:00:12","guid":{"rendered":"https:\/\/firagran.com\/?p=8405"},"modified":"2019-06-19T10:47:58","modified_gmt":"2019-06-19T08:47:58","slug":"homenaje-firagran-2019","status":"publish","type":"post","link":"https:\/\/firagran.com\/es\/homenaje-firagran-2019\/","title":{"rendered":"Homenaje FiraGran 2019"},"content":{"rendered":"<p><span style=\"color: #000000;\"><span style=\"margin: 0px; line-height: 107%; font-family: 'Times New Roman',serif; font-size: 12pt;\">El 15 de junio del 2019 se ha celebrado en el marco de FiraGran 2019, un emotivo homenaje a todas las mujeres y hombres que hacen tareas de voluntariado a las entidades de Gente mayor de Catalu\u00f1a. Las entidades colaboradoras fueron: <\/span><span lang=\"CA\" style=\"margin: 0px; line-height: 107%; font-family: 'Times New Roman',serif; font-size: 12pt;\">Associaci\u00f3 Dret a Morir Dignament, Uni\u00f3 de Jubilats i Pensionistes de la UGT, CONEX: Fons de Coneixement i Experi\u00e8ncia, Sitges Voluntariat Social, Federaci\u00f3 d&#8217;Associacions de Gent Gran de Catalunya, Federaci\u00f3 de Pensionistes i Jubilats de CCOO de Catalunya y Associaci\u00f3 Ciutadana pels Drets de les Dones. <\/span><\/span><\/p>\n<p>&nbsp;<\/p>\n","protected":false},"excerpt":{"rendered":"<p>El 15 de junio del 2019 se ha celebrado en el marco de FiraGran 2019, un emotivo homenaje a todas las mujeres y hombres que hacen tareas de voluntariado a las entidades de Gente mayor <a href=\"https:\/\/firagran.com\/es\/homenaje-firagran-2019\/\"> [&#8230;]<\/a><\/p>\n","protected":false},"author":2,"featured_media":8406,"comment_status":"closed","ping_status":"closed","sticky":false,"template":"","format":"standard","meta":{"footnotes":""},"categories":[28],"tags":[],"class_list":["post-8405","post","type-post","status-publish","format-standard","has-post-thumbnail","hentry","category-general-es"],"_links":{"self":[{"href":"https:\/\/firagran.com\/es\/wp-json\/wp\/v2\/posts\/8405","targetHints":{"allow":["GET"]}}],"collection":[{"href":"https:\/\/firagran.com\/es\/wp-json\/wp\/v2\/posts"}],"about":[{"href":"https:\/\/firagran.com\/es\/wp-json\/wp\/v2\/types\/post"}],"author":[{"embeddable":true,"href":"https:\/\/firagran.com\/es\/wp-json\/wp\/v2\/users\/2"}],"replies":[{"embeddable":true,"href":"https:\/\/firagran.com\/es\/wp-json\/wp\/v2\/comments?post=8405"}],"version-history":[{"count":1,"href":"https:\/\/firagran.com\/es\/wp-json\/wp\/v2\/posts\/8405\/revisions"}],"predecessor-version":[{"id":8408,"href":"https:\/\/firagran.com\/es\/wp-json\/wp\/v2\/posts\/8405\/revisions\/8408"}],"wp:featuredmedia":[{"embeddable":true,"href":"https:\/\/firagran.com\/es\/wp-json\/wp\/v2\/media\/8406"}],"wp:attachment":[{"href":"https:\/\/firagran.com\/es\/wp-json\/wp\/v2\/media?parent=8405"}],"wp:term":[{"taxonomy":"category","embeddable":true,"href":"https:\/\/firagran.com\/es\/wp-json\/wp\/v2\/categories?post=8405"},{"taxonomy":"post_tag","embeddable":true,"href":"https:\/\/firagran.com\/es\/wp-json\/wp\/v2\/tags?post=8405"}],"curies":[{"name":"wp","href":"https:\/\/api.w.org\/{rel}","templated":true}]}}