{"id":8752,"date":"2019-07-03T09:00:09","date_gmt":"2019-07-03T07:00:09","guid":{"rendered":"https:\/\/firagran.com\/?p=8752"},"modified":"2019-06-27T12:38:23","modified_gmt":"2019-06-27T10:38:23","slug":"70-anos-no-es-nada","status":"publish","type":"post","link":"https:\/\/firagran.com\/es\/70-anos-no-es-nada\/","title":{"rendered":"70 a\u00f1os no es nada"},"content":{"rendered":"<p><b><span style=\"margin: 0px; color: #191a1e; font-family: 'Times New Roman',serif; font-size: 12pt;\">El autor reflexiona sobre la vejez, advierte contra los prejuicios sobre la edad y asegura que la sociedad puede y debe contar con las personas mayores.<\/span><\/b><\/p>\n<p><span style=\"margin: 0px; color: #191a1e; line-height: 107%; font-family: 'Times New Roman',serif; font-size: 12pt;\">De repente uno cumple setenta a\u00f1os y, tambi\u00e9n de repente, uno se da cuenta de que est\u00e1 igual que a los sesenta. De golpe uno llega a los setenta a\u00f1os y, tambi\u00e9n de golpe, uno nota que se siente lo mismo que a los sesenta y nueve. O sea, que cumplir a\u00f1os <\/span><span style=\"color: #000000;\"><span style=\"font-family: Calibri;\"><strong style=\"background-clip: border-box; background-origin: padding-box; background-position-x: 0%; background-position-y: 0%; background-size: auto; border-image-outset: 0; border-image-repeat: stretch; border-image-slice: 100%; border-image-source: none; border-image-width: 1; box-sizing: border-box; outline-color: invert; outline-style: none; outline-width: 0px; -webkit-text-stroke-width: 0px; background-attachment: scroll; word-spacing: 0px;\">es menos <\/strong><strong>solemne<\/strong><b> <\/b>de lo que la gente piensa.<\/span><\/span> <span style=\"margin: 0px; color: #191a1e; line-height: 107%; font-family: 'Times New Roman',serif; font-size: 12pt;\">La juventud es una ficci\u00f3n que se mantiene contra viento y marea, con lo cual es f\u00e1cil atisbar que <\/span><span style=\"font-family: Calibri;\"><span style=\"color: #000000;\"><strong style=\"background-clip: border-box; background-origin: padding-box; background-position-x: 0%; background-position-y: 0%; background-size: auto; border-image-outset: 0; border-image-repeat: stretch; border-image-slice: 100%; border-image-source: none; border-image-width: 1; box-sizing: border-box; outline-color: invert; outline-style: none; outline-width: 0px; -webkit-text-stroke-width: 0px; background-attachment: scroll; word-spacing: 0px;\">la verdadera juventud<\/strong>, no la del mero calendario, precisa de un largo aprendizaje. S\u00f3lo cuando se renuncia a ser joven es cuando la vejez se presenta y barre todas las ilusiones.<\/span><\/span><span style=\"margin: 0px; color: #191a1e; line-height: 107%; font-family: 'Times New Roman',serif; font-size: 12pt;\">\u00a0<\/span><\/p>\n<p><span style=\"margin: 0px; color: #191a1e; line-height: 107%; font-family: 'Times New Roman',serif; font-size: 12pt;\">Fuente: El Espa\u00f1ol<\/span><\/p>\n<p><span style=\"margin: 0px; color: #191a1e; line-height: 107%; font-family: 'Times New Roman',serif; font-size: 12pt;\">Leer m\u00e1s: <\/span><\/p>\n<p><span style=\"margin: 0px; color: #191a1e; line-height: 107%; font-family: 'Times New Roman',serif; font-size: 12pt;\"><a href=\"https:\/\/www.elespanol.com\/opinion\/tribunas\/20190615\/anos-no\/406329366_12.html\">https:\/\/www.elespanol.com\/opinion\/tribunas\/20190615\/anos-no\/406329366_12.html<\/a><\/span><\/p>\n<p><span style=\"margin: 0px; color: #191a1e; line-height: 107%; font-family: 'Times New Roman',serif; font-size: 12pt;\">\u00a0<\/span><\/p>\n","protected":false},"excerpt":{"rendered":"<p>El autor reflexiona sobre la vejez, advierte contra los prejuicios sobre la edad y asegura que la sociedad puede y debe contar con las personas mayores. De repente uno cumple setenta a\u00f1os y, tambi\u00e9n de <a href=\"https:\/\/firagran.com\/es\/70-anos-no-es-nada\/\"> [&#8230;]<\/a><\/p>\n","protected":false},"author":2,"featured_media":8750,"comment_status":"closed","ping_status":"closed","sticky":false,"template":"","format":"standard","meta":{"footnotes":""},"categories":[75],"tags":[],"class_list":["post-8752","post","type-post","status-publish","format-standard","has-post-thumbnail","hentry","category-envejecimiento-activo"],"_links":{"self":[{"href":"https:\/\/firagran.com\/es\/wp-json\/wp\/v2\/posts\/8752","targetHints":{"allow":["GET"]}}],"collection":[{"href":"https:\/\/firagran.com\/es\/wp-json\/wp\/v2\/posts"}],"about":[{"href":"https:\/\/firagran.com\/es\/wp-json\/wp\/v2\/types\/post"}],"author":[{"embeddable":true,"href":"https:\/\/firagran.com\/es\/wp-json\/wp\/v2\/users\/2"}],"replies":[{"embeddable":true,"href":"https:\/\/firagran.com\/es\/wp-json\/wp\/v2\/comments?post=8752"}],"version-history":[{"count":2,"href":"https:\/\/firagran.com\/es\/wp-json\/wp\/v2\/posts\/8752\/revisions"}],"predecessor-version":[{"id":8840,"href":"https:\/\/firagran.com\/es\/wp-json\/wp\/v2\/posts\/8752\/revisions\/8840"}],"wp:featuredmedia":[{"embeddable":true,"href":"https:\/\/firagran.com\/es\/wp-json\/wp\/v2\/media\/8750"}],"wp:attachment":[{"href":"https:\/\/firagran.com\/es\/wp-json\/wp\/v2\/media?parent=8752"}],"wp:term":[{"taxonomy":"category","embeddable":true,"href":"https:\/\/firagran.com\/es\/wp-json\/wp\/v2\/categories?post=8752"},{"taxonomy":"post_tag","embeddable":true,"href":"https:\/\/firagran.com\/es\/wp-json\/wp\/v2\/tags?post=8752"}],"curies":[{"name":"wp","href":"https:\/\/api.w.org\/{rel}","templated":true}]}}