{"id":8864,"date":"2019-07-19T09:00:32","date_gmt":"2019-07-19T07:00:32","guid":{"rendered":"https:\/\/firagran.com\/?p=8864"},"modified":"2019-07-02T13:43:33","modified_gmt":"2019-07-02T11:43:33","slug":"impulsan-el-empoderamiento-de-la-gente-mayor-para-combatir-los-maltratos","status":"publish","type":"post","link":"https:\/\/firagran.com\/es\/impulsan-el-empoderamiento-de-la-gente-mayor-para-combatir-los-maltratos\/","title":{"rendered":"Impulsan el empoderamiento de la gente mayor para combatir los maltratos"},"content":{"rendered":"<p><span style=\"margin: 0px; color: black; font-family: 'Times New Roman',serif; font-size: 12pt;\">Las situaciones de abuso econ\u00f3mico, psicol\u00f3gico o f\u00edsico a personas mayores son una realidad silenciada y dif\u00edcil de detectar. Precisamente este es el principal escollo con que se encuentran los profesionales del \u00e1mbito social, sanitario y policial y los esfuerzos de las administraciones se centran sobre todo al sensibilizar hacia este fenomenal respeto, el Alt Empord\u00e0 es una de las comarcas l\u00edderes en el respecto a las personas mayores y desde el Consejo Comarcal se lideran varios proyectos coordinados con otros agentes por su detecci\u00f3n e intervenci\u00f3n: la elaboraci\u00f3n de un gu\u00eda de buen trato, una mesa de trabajo o formaci\u00f3n para cuidadores en la detecci\u00f3n de casos de maltrato en el entorno familiar. Los \u00faltimos datos cifran en 92 los casos de maltratos detectados a la comarca en 2017: 14 a Higueras y los 78 restantes a por todas partes, seg\u00fan el informe del 2017 del Grupo de Trabajo del Protocolo de Maltratos a las personas mayores de las comarcas gerundenses.<\/span><\/p>\n<p><span lang=\"CA\" style=\"margin: 0px; color: black; font-family: 'Times New Roman',serif; font-size: 12pt;\">Fuente: Diari de Girona<\/span><\/p>\n<p><span lang=\"CA\" style=\"margin: 0px; color: black; font-family: 'Times New Roman',serif; font-size: 12pt;\">Leer m\u00e1s: <a href=\"https:\/\/www.diaridegirona.cat\/alt-emporda\/2019\/06\/30\/impulsen-lempoderament-gent-gran-combatre\/989302.html\">https:\/\/www.diaridegirona.cat\/alt-emporda\/2019\/06\/30\/impulsen-lempoderament-gent-gran-combatre\/989302.html<\/a><\/span><\/p>\n","protected":false},"excerpt":{"rendered":"<p>Las situaciones de abuso econ\u00f3mico, psicol\u00f3gico o f\u00edsico a personas mayores son una realidad silenciada y dif\u00edcil de detectar. Precisamente este es el principal escollo con que se encuentran los profesionales del \u00e1mbito social, sanitario <a href=\"https:\/\/firagran.com\/es\/impulsan-el-empoderamiento-de-la-gente-mayor-para-combatir-los-maltratos\/\"> [&#8230;]<\/a><\/p>\n","protected":false},"author":2,"featured_media":8862,"comment_status":"closed","ping_status":"closed","sticky":false,"template":"","format":"standard","meta":{"footnotes":""},"categories":[85],"tags":[],"class_list":["post-8864","post","type-post","status-publish","format-standard","has-post-thumbnail","hentry","category-maltrato"],"_links":{"self":[{"href":"https:\/\/firagran.com\/es\/wp-json\/wp\/v2\/posts\/8864","targetHints":{"allow":["GET"]}}],"collection":[{"href":"https:\/\/firagran.com\/es\/wp-json\/wp\/v2\/posts"}],"about":[{"href":"https:\/\/firagran.com\/es\/wp-json\/wp\/v2\/types\/post"}],"author":[{"embeddable":true,"href":"https:\/\/firagran.com\/es\/wp-json\/wp\/v2\/users\/2"}],"replies":[{"embeddable":true,"href":"https:\/\/firagran.com\/es\/wp-json\/wp\/v2\/comments?post=8864"}],"version-history":[{"count":1,"href":"https:\/\/firagran.com\/es\/wp-json\/wp\/v2\/posts\/8864\/revisions"}],"predecessor-version":[{"id":8865,"href":"https:\/\/firagran.com\/es\/wp-json\/wp\/v2\/posts\/8864\/revisions\/8865"}],"wp:featuredmedia":[{"embeddable":true,"href":"https:\/\/firagran.com\/es\/wp-json\/wp\/v2\/media\/8862"}],"wp:attachment":[{"href":"https:\/\/firagran.com\/es\/wp-json\/wp\/v2\/media?parent=8864"}],"wp:term":[{"taxonomy":"category","embeddable":true,"href":"https:\/\/firagran.com\/es\/wp-json\/wp\/v2\/categories?post=8864"},{"taxonomy":"post_tag","embeddable":true,"href":"https:\/\/firagran.com\/es\/wp-json\/wp\/v2\/tags?post=8864"}],"curies":[{"name":"wp","href":"https:\/\/api.w.org\/{rel}","templated":true}]}}