{"id":8990,"date":"2019-08-07T08:28:16","date_gmt":"2019-08-07T06:28:16","guid":{"rendered":"https:\/\/firagran.com\/?p=8990"},"modified":"2019-07-26T14:37:36","modified_gmt":"2019-07-26T12:37:36","slug":"jordi-pons-el-montanero-de-86-anos-reivindica-el-alpinismo-heroico","status":"publish","type":"post","link":"https:\/\/firagran.com\/es\/jordi-pons-el-montanero-de-86-anos-reivindica-el-alpinismo-heroico\/","title":{"rendered":"Jordi Pons, el monta\u00f1ero de 86 a\u00f1os, reivindica el alpinismo heroico"},"content":{"rendered":"<p><strong>El monta\u00f1ero de 86 a\u00f1os reivindica el alpinismo heroico, el de Irvine y Mallory, \u201cque con una americana de tres botones subieron a 8.500 metros en el Everest\u201d<\/strong><\/p>\n<p><strong>\u00a0<\/strong>Jordi Pons responde a las preguntas de\u00a0<em>La Vanguardia\u00a0<\/em>sentado a la sombra de unos pinos en Sant Lloren\u00e7 del Munt, delante del Cavall Bernat, el monolito tambi\u00e9n conocido como el \u201cBurret\u201d por sus reducidas dimensiones comparado con el de Montserrat.\u00a0 Con 86 a\u00f1os sigue escalando y defendiendo que no todos los octogenarios tienen que jugar a la petanca\u00a0.<\/p>\n<p>La semana pasada estaba escalando en Montserrat, el mi\u00e9rcoles sub\u00ed la Mola, en invierno hago esqu\u00ed de monta\u00f1a, doy conferencias\u2026 Ya bajar\u00e9 la guardia cuando toque, dice.<\/p>\n<p>Fuente: La Vanguardia<\/p>\n<p>Leer m\u00e1s: <a href=\"https:\/\/www.lavanguardia.com\/vida\/20190725\/463679386324\/jordi-pons-josep-manuel-anglada-annapurna-este-alpinismo-everest-alpes.html?utm_term=botones_sociales_app&amp;utm_source=whatsapp&amp;utm_medium=social\">https:\/\/www.lavanguardia.com\/vida\/20190725\/463679386324\/jordi-pons-josep-manuel-anglada-annapurna-este-alpinismo-everest-alpes.html?utm_term=botones_sociales_app&amp;utm_source=whatsapp&amp;utm_medium=social<\/a><\/p>\n","protected":false},"excerpt":{"rendered":"<p>El monta\u00f1ero de 86 a\u00f1os reivindica el alpinismo heroico, el de Irvine y Mallory, \u201cque con una americana de tres botones subieron a 8.500 metros en el Everest\u201d \u00a0Jordi Pons responde a las preguntas de\u00a0La <a href=\"https:\/\/firagran.com\/es\/jordi-pons-el-montanero-de-86-anos-reivindica-el-alpinismo-heroico\/\"> [&#8230;]<\/a><\/p>\n","protected":false},"author":2,"featured_media":8987,"comment_status":"closed","ping_status":"closed","sticky":false,"template":"","format":"standard","meta":{"footnotes":""},"categories":[75],"tags":[],"class_list":["post-8990","post","type-post","status-publish","format-standard","has-post-thumbnail","hentry","category-envejecimiento-activo"],"_links":{"self":[{"href":"https:\/\/firagran.com\/es\/wp-json\/wp\/v2\/posts\/8990","targetHints":{"allow":["GET"]}}],"collection":[{"href":"https:\/\/firagran.com\/es\/wp-json\/wp\/v2\/posts"}],"about":[{"href":"https:\/\/firagran.com\/es\/wp-json\/wp\/v2\/types\/post"}],"author":[{"embeddable":true,"href":"https:\/\/firagran.com\/es\/wp-json\/wp\/v2\/users\/2"}],"replies":[{"embeddable":true,"href":"https:\/\/firagran.com\/es\/wp-json\/wp\/v2\/comments?post=8990"}],"version-history":[{"count":1,"href":"https:\/\/firagran.com\/es\/wp-json\/wp\/v2\/posts\/8990\/revisions"}],"predecessor-version":[{"id":9000,"href":"https:\/\/firagran.com\/es\/wp-json\/wp\/v2\/posts\/8990\/revisions\/9000"}],"wp:featuredmedia":[{"embeddable":true,"href":"https:\/\/firagran.com\/es\/wp-json\/wp\/v2\/media\/8987"}],"wp:attachment":[{"href":"https:\/\/firagran.com\/es\/wp-json\/wp\/v2\/media?parent=8990"}],"wp:term":[{"taxonomy":"category","embeddable":true,"href":"https:\/\/firagran.com\/es\/wp-json\/wp\/v2\/categories?post=8990"},{"taxonomy":"post_tag","embeddable":true,"href":"https:\/\/firagran.com\/es\/wp-json\/wp\/v2\/tags?post=8990"}],"curies":[{"name":"wp","href":"https:\/\/api.w.org\/{rel}","templated":true}]}}