{"id":9299,"date":"2019-10-01T09:00:30","date_gmt":"2019-10-01T07:00:30","guid":{"rendered":"https:\/\/firagran.com\/?p=9299"},"modified":"2019-10-15T10:45:52","modified_gmt":"2019-10-15T08:45:52","slug":"dia-internacional-de-las-personas-mayores","status":"publish","type":"post","link":"https:\/\/firagran.com\/es\/dia-internacional-de-las-personas-mayores\/","title":{"rendered":"D\u00eda Internacional de las Personas Mayores"},"content":{"rendered":"<p><strong>1 octubre 2019<\/strong><\/p>\n<p>La Asamblea General de Naciones Unidas, a la Resoluci\u00f3n 45\/106, de 14 de diciembre de 1990, proclam\u00f3 el 1 de octubre D\u00eda Internacional de las Personas Mayores.<\/p>\n<p>La comunidad internacional insta de este modo a reflexionar sobre los retos sociales y pol\u00edticos que supone el creciente envejecimiento demogr\u00e1fico y propone velar por una vejez digna y segura.<\/p>\n<p>Gobiernos, asociaciones, instituciones y todas las personas est\u00e1n invitadas a adherirse a esta conmemoraci\u00f3n y a involucrarse al desarrollo de una sociedad apta para todas las edades.<\/p>\n<p>La finalidad de esta jornada festiva y reivindicativa es hacer que las personas mayores sean por un d\u00eda verdaderos protagonistas y centro de inter\u00e9s de todo el mundo, y difundir una imagen m\u00e1s positiva del envejecimiento.<\/p>\n<p>La fiesta representa tambi\u00e9n una oportunidad para concienciar la sociedad sobre el estado en que se encuentran las personas mayores y los desaf\u00edos y problemas que afrontan, as\u00ed como para promover acciones apropiadas para defenderlas y para respetar su dignidad y sabidur\u00eda.<\/p>\n<p>Font: <a href=\"https:\/\/treballiaferssocials.gencat.cat\">https:\/\/treballiaferssocials.gencat.cat<\/a><\/p>\n<p>Leer m\u00e1s: <a href=\"https:\/\/treballiaferssocials.gencat.cat\/ca\/ambits_tematics\/gent_gran\/dia_internacional_de_la_gent_gran\/\">https:\/\/treballiaferssocials.gencat.cat\/ca\/ambits_tematics\/gent_gran\/dia_internacional_de_la_gent_gran\/<\/a><\/p>\n","protected":false},"excerpt":{"rendered":"<p>1 octubre 2019 La Asamblea General de Naciones Unidas, a la Resoluci\u00f3n 45\/106, de 14 de diciembre de 1990, proclam\u00f3 el 1 de octubre D\u00eda Internacional de las Personas Mayores. La comunidad internacional insta de <a href=\"https:\/\/firagran.com\/es\/dia-internacional-de-las-personas-mayores\/\"> [&#8230;]<\/a><\/p>\n","protected":false},"author":2,"featured_media":9296,"comment_status":"closed","ping_status":"closed","sticky":false,"template":"","format":"standard","meta":{"footnotes":""},"categories":[28],"tags":[],"class_list":["post-9299","post","type-post","status-publish","format-standard","has-post-thumbnail","hentry","category-general-es"],"_links":{"self":[{"href":"https:\/\/firagran.com\/es\/wp-json\/wp\/v2\/posts\/9299","targetHints":{"allow":["GET"]}}],"collection":[{"href":"https:\/\/firagran.com\/es\/wp-json\/wp\/v2\/posts"}],"about":[{"href":"https:\/\/firagran.com\/es\/wp-json\/wp\/v2\/types\/post"}],"author":[{"embeddable":true,"href":"https:\/\/firagran.com\/es\/wp-json\/wp\/v2\/users\/2"}],"replies":[{"embeddable":true,"href":"https:\/\/firagran.com\/es\/wp-json\/wp\/v2\/comments?post=9299"}],"version-history":[{"count":2,"href":"https:\/\/firagran.com\/es\/wp-json\/wp\/v2\/posts\/9299\/revisions"}],"predecessor-version":[{"id":9364,"href":"https:\/\/firagran.com\/es\/wp-json\/wp\/v2\/posts\/9299\/revisions\/9364"}],"wp:featuredmedia":[{"embeddable":true,"href":"https:\/\/firagran.com\/es\/wp-json\/wp\/v2\/media\/9296"}],"wp:attachment":[{"href":"https:\/\/firagran.com\/es\/wp-json\/wp\/v2\/media?parent=9299"}],"wp:term":[{"taxonomy":"category","embeddable":true,"href":"https:\/\/firagran.com\/es\/wp-json\/wp\/v2\/categories?post=9299"},{"taxonomy":"post_tag","embeddable":true,"href":"https:\/\/firagran.com\/es\/wp-json\/wp\/v2\/tags?post=9299"}],"curies":[{"name":"wp","href":"https:\/\/api.w.org\/{rel}","templated":true}]}}