{"id":9396,"date":"2019-10-18T09:00:53","date_gmt":"2019-10-18T07:00:53","guid":{"rendered":"https:\/\/firagran.com\/?p=9396"},"modified":"2019-10-17T11:50:18","modified_gmt":"2019-10-17T09:50:18","slug":"9396","status":"publish","type":"post","link":"https:\/\/firagran.com\/es\/9396\/","title":{"rendered":"&#8220;Tenemos Voz, Decidimos&#8221; 8\u00ba Congreso Nacional de Gente Mayor 2019"},"content":{"rendered":"<p>El pr\u00f3ximo d\u00eda 25 de octubre, se celebrar\u00e1 el 8\u00ba Congreso Nacional de Gente Mayor 2019 en M\u00f3n Sant Benet.<\/p>\n<p>El Congreso Nacional de la Gente Mayor de Catalu\u00f1a, tiene la finalidad de llegar a amplios consensos y acuerdos con referencia a los temas que afectan al pa\u00eds y, m\u00e1s concretamente, a las personas mayores.<\/p>\n<p>Font: Departament de Treball, Afers Socials i Fam\u00edlies, gent.cat<\/p>\n<p>M\u00e1s info.: <a href=\"https:\/\/treballiaferssocials.gencat.cat\/ca\/ambits_tematics\/gent_gran\/congres_nacional_de_la_gent_gran\/8e_congres_nacional_gent_gran\/\">https:\/\/treballiaferssocials.gencat.cat\/ca\/ambits_tematics\/gent_gran\/congres_nacional_de_la_gent_gran\/8e_congres_nacional_gent_gran\/<\/a><\/p>\n","protected":false},"excerpt":{"rendered":"<p>El pr\u00f3ximo d\u00eda 25 de octubre, se celebrar\u00e1 el 8\u00ba Congreso Nacional de Gente Mayor 2019 en M\u00f3n Sant Benet. El Congreso Nacional de la Gente Mayor de Catalu\u00f1a, tiene la finalidad de llegar a <a href=\"https:\/\/firagran.com\/es\/9396\/\"> [&#8230;]<\/a><\/p>\n","protected":false},"author":2,"featured_media":9390,"comment_status":"closed","ping_status":"closed","sticky":false,"template":"","format":"standard","meta":{"footnotes":""},"categories":[77,76,75,28],"tags":[],"class_list":["post-9396","post","type-post","status-publish","format-standard","has-post-thumbnail","hentry","category-consejo-de-las-personas-mayores-de-cataluna","category-entidades-de-personas-mayores","category-envejecimiento-activo","category-general-es"],"_links":{"self":[{"href":"https:\/\/firagran.com\/es\/wp-json\/wp\/v2\/posts\/9396","targetHints":{"allow":["GET"]}}],"collection":[{"href":"https:\/\/firagran.com\/es\/wp-json\/wp\/v2\/posts"}],"about":[{"href":"https:\/\/firagran.com\/es\/wp-json\/wp\/v2\/types\/post"}],"author":[{"embeddable":true,"href":"https:\/\/firagran.com\/es\/wp-json\/wp\/v2\/users\/2"}],"replies":[{"embeddable":true,"href":"https:\/\/firagran.com\/es\/wp-json\/wp\/v2\/comments?post=9396"}],"version-history":[{"count":5,"href":"https:\/\/firagran.com\/es\/wp-json\/wp\/v2\/posts\/9396\/revisions"}],"predecessor-version":[{"id":9398,"href":"https:\/\/firagran.com\/es\/wp-json\/wp\/v2\/posts\/9396\/revisions\/9398"}],"wp:featuredmedia":[{"embeddable":true,"href":"https:\/\/firagran.com\/es\/wp-json\/wp\/v2\/media\/9390"}],"wp:attachment":[{"href":"https:\/\/firagran.com\/es\/wp-json\/wp\/v2\/media?parent=9396"}],"wp:term":[{"taxonomy":"category","embeddable":true,"href":"https:\/\/firagran.com\/es\/wp-json\/wp\/v2\/categories?post=9396"},{"taxonomy":"post_tag","embeddable":true,"href":"https:\/\/firagran.com\/es\/wp-json\/wp\/v2\/tags?post=9396"}],"curies":[{"name":"wp","href":"https:\/\/api.w.org\/{rel}","templated":true}]}}