{"id":9543,"date":"2019-10-28T09:00:05","date_gmt":"2019-10-28T08:00:05","guid":{"rendered":"https:\/\/firagran.com\/?p=9543"},"modified":"2019-10-25T14:08:20","modified_gmt":"2019-10-25T12:08:20","slug":"estamos-preparados-para-ser-supercentenarios","status":"publish","type":"post","link":"https:\/\/firagran.com\/es\/estamos-preparados-para-ser-supercentenarios\/","title":{"rendered":"\u00bfEstamos preparados para ser supercentenarios?"},"content":{"rendered":"<p>Ante las expectativas de mejora de la longevidad, \u00a1el reto consiste en mejorar la calidad de vida!<\/p>\n<p>Cada vez envejecemos m\u00e1s y morimos m\u00e1s tarde, pero en 2019 ya no queda nadie vivo que hubiera nacido en el siglo XIX. Y eso que algunos expertos, como el genetista David Sinclair (@davidasinclair), apuntan que no falta mucho tiempo para que la esperanza de vida supere los 120 a\u00f1os, casi cuarenta m\u00e1s que el promedio actual en Espa\u00f1a.<\/p>\n<p>Expectativas y avances al margen, la realidad es que la demograf\u00eda est\u00e1 cambiando en todo el mundo y los retos de futuro se acumulan. Seg\u00fan datos del INE (Instituto Nacional de Estad\u00edstica), en Espa\u00f1a, a 1 de enero de 2019, hab\u00eda 11.692 habitantes centenarios, y 830, de 105 o m\u00e1s. Los mayores de 110, los llamados supercentenarios, eran un reducido colectivo de 236, seg\u00fan los datos del Grupo de Investigaci\u00f3n de Gerontolog\u00eda (GRC).<\/p>\n<p>Fuente: La Vanguardia<\/p>\n<p>Leer m\u00e1s: <a href=\"https:\/\/www.lavanguardia.com\/vivo\/lifestyle\/20191013\/47907961333\/supercentenarios-longevidad-limites-ensayos.html\">https:\/\/www.lavanguardia.com\/vivo\/lifestyle\/20191013\/47907961333\/supercentenarios-longevidad-limites-ensayos.html<\/a><\/p>\n<p>&nbsp;<\/p>\n","protected":false},"excerpt":{"rendered":"<p>Ante las expectativas de mejora de la longevidad, \u00a1el reto consiste en mejorar la calidad de vida! Cada vez envejecemos m\u00e1s y morimos m\u00e1s tarde, pero en 2019 ya no queda nadie vivo que hubiera <a href=\"https:\/\/firagran.com\/es\/estamos-preparados-para-ser-supercentenarios\/\"> [&#8230;]<\/a><\/p>\n","protected":false},"author":2,"featured_media":9542,"comment_status":"closed","ping_status":"closed","sticky":false,"template":"","format":"standard","meta":{"footnotes":""},"categories":[28],"tags":[],"class_list":["post-9543","post","type-post","status-publish","format-standard","has-post-thumbnail","hentry","category-general-es"],"_links":{"self":[{"href":"https:\/\/firagran.com\/es\/wp-json\/wp\/v2\/posts\/9543","targetHints":{"allow":["GET"]}}],"collection":[{"href":"https:\/\/firagran.com\/es\/wp-json\/wp\/v2\/posts"}],"about":[{"href":"https:\/\/firagran.com\/es\/wp-json\/wp\/v2\/types\/post"}],"author":[{"embeddable":true,"href":"https:\/\/firagran.com\/es\/wp-json\/wp\/v2\/users\/2"}],"replies":[{"embeddable":true,"href":"https:\/\/firagran.com\/es\/wp-json\/wp\/v2\/comments?post=9543"}],"version-history":[{"count":4,"href":"https:\/\/firagran.com\/es\/wp-json\/wp\/v2\/posts\/9543\/revisions"}],"predecessor-version":[{"id":9549,"href":"https:\/\/firagran.com\/es\/wp-json\/wp\/v2\/posts\/9543\/revisions\/9549"}],"wp:featuredmedia":[{"embeddable":true,"href":"https:\/\/firagran.com\/es\/wp-json\/wp\/v2\/media\/9542"}],"wp:attachment":[{"href":"https:\/\/firagran.com\/es\/wp-json\/wp\/v2\/media?parent=9543"}],"wp:term":[{"taxonomy":"category","embeddable":true,"href":"https:\/\/firagran.com\/es\/wp-json\/wp\/v2\/categories?post=9543"},{"taxonomy":"post_tag","embeddable":true,"href":"https:\/\/firagran.com\/es\/wp-json\/wp\/v2\/tags?post=9543"}],"curies":[{"name":"wp","href":"https:\/\/api.w.org\/{rel}","templated":true}]}}