{"id":9922,"date":"2019-12-04T09:00:20","date_gmt":"2019-12-04T08:00:20","guid":{"rendered":"https:\/\/firagran.com\/?p=9922"},"modified":"2019-11-21T16:57:38","modified_gmt":"2019-11-21T15:57:38","slug":"9922","status":"publish","type":"post","link":"https:\/\/firagran.com\/es\/9922\/","title":{"rendered":"Di\u00e1logo FiraGran 2019: Sexualidad"},"content":{"rendered":"<p>Di\u00e1logo FiraGran intergeneracional, sobre c\u00f3mo es o c\u00f3mo puede ser la sexualidad de las personas mayores, entre Jordi Petit, escritor y presidente honor\u00edfico de la Coordinadora Gay-Lesbiana de Catalu\u00f1a y Ver\u00f3nica Vivero, psic\u00f3loga cl\u00ednica especializada en sexolog\u00eda.<\/p>\n<p>Patrocinado por el Grupo M\u00e9mora y Electium.<\/p>\n<div class=\"video-shortcode\"><iframe title=\"Di\u00e0legs FiraGran 2019 - Sexualitat\" width=\"1200\" height=\"675\" src=\"https:\/\/www.youtube.com\/embed\/VMzf4FsmZaE?feature=oembed\" frameborder=\"0\" allow=\"accelerometer; autoplay; encrypted-media; gyroscope; picture-in-picture\" allowfullscreen><\/iframe><\/div>\n","protected":false},"excerpt":{"rendered":"<p>Di\u00e1logo FiraGran intergeneracional, sobre c\u00f3mo es o c\u00f3mo puede ser la sexualidad de las personas mayores, entre Jordi Petit, escritor y presidente honor\u00edfico de la Coordinadora Gay-Lesbiana de Catalu\u00f1a y Ver\u00f3nica Vivero, psic\u00f3loga cl\u00ednica especializada <a href=\"https:\/\/firagran.com\/es\/9922\/\"> [&#8230;]<\/a><\/p>\n","protected":false},"author":2,"featured_media":9995,"comment_status":"closed","ping_status":"closed","sticky":false,"template":"","format":"standard","meta":{"footnotes":""},"categories":[84],"tags":[],"class_list":["post-9922","post","type-post","status-publish","format-standard","has-post-thumbnail","hentry","category-mantener-una-sexualidad-saludable"],"_links":{"self":[{"href":"https:\/\/firagran.com\/es\/wp-json\/wp\/v2\/posts\/9922","targetHints":{"allow":["GET"]}}],"collection":[{"href":"https:\/\/firagran.com\/es\/wp-json\/wp\/v2\/posts"}],"about":[{"href":"https:\/\/firagran.com\/es\/wp-json\/wp\/v2\/types\/post"}],"author":[{"embeddable":true,"href":"https:\/\/firagran.com\/es\/wp-json\/wp\/v2\/users\/2"}],"replies":[{"embeddable":true,"href":"https:\/\/firagran.com\/es\/wp-json\/wp\/v2\/comments?post=9922"}],"version-history":[{"count":5,"href":"https:\/\/firagran.com\/es\/wp-json\/wp\/v2\/posts\/9922\/revisions"}],"predecessor-version":[{"id":10106,"href":"https:\/\/firagran.com\/es\/wp-json\/wp\/v2\/posts\/9922\/revisions\/10106"}],"wp:featuredmedia":[{"embeddable":true,"href":"https:\/\/firagran.com\/es\/wp-json\/wp\/v2\/media\/9995"}],"wp:attachment":[{"href":"https:\/\/firagran.com\/es\/wp-json\/wp\/v2\/media?parent=9922"}],"wp:term":[{"taxonomy":"category","embeddable":true,"href":"https:\/\/firagran.com\/es\/wp-json\/wp\/v2\/categories?post=9922"},{"taxonomy":"post_tag","embeddable":true,"href":"https:\/\/firagran.com\/es\/wp-json\/wp\/v2\/tags?post=9922"}],"curies":[{"name":"wp","href":"https:\/\/api.w.org\/{rel}","templated":true}]}}